{"id":168853,"date":"2021-06-21T10:26:00","date_gmt":"2021-06-21T15:26:00","guid":{"rendered":"https:\/\/plazajuarez.mx\/?p=168853"},"modified":"2021-06-21T12:21:42","modified_gmt":"2021-06-21T17:21:42","slug":"india-baja-de-60-mil-contagios-diarios-por-covid-por-primera-vez-en-3-meses","status":"publish","type":"post","link":"https:\/\/plazajuarez.mx\/historico\/india-baja-de-60-mil-contagios-diarios-por-covid-por-primera-vez-en-3-meses\/","title":{"rendered":"India baja de 60 mil contagios diarios por Covid por primera vez en 3 meses"},"content":{"rendered":"\n<p class=\"wp-block-paragraph\">(EFE).- La India registr\u00f3 este domingo algo menos de 60,000 infecciones por coronavirus por primera vez en tres meses, tras sufrir una virulenta segunda ola que colaps\u00f3 el sector sanitario y caus\u00f3 falta de camas de cuidados intensivos y ox\u00edgeno.<\/p>\n\n\n\n<p class=\"wp-block-paragraph\">Seg\u00fan los \u00faltimos datos del Ministerio de Salud indio, el n\u00famero de contagios detectados en las \u00faltimas 24 horas ascendi\u00f3 a 58,419, la cifra m\u00e1s baja en 81 d\u00edas.<\/p>\n\n\n\n<p class=\"wp-block-paragraph\">El total de casos desde el inicio de la pandemia en el pa\u00eds asi\u00e1tico asciende ya a 29.8 millones, una cifra solo superada en el mundo por Estados Unidos con 33.5 millones seg\u00fan la Universidad Johns Hopkins.<\/p>\n\n\n\n<p class=\"wp-block-paragraph\">La India registr\u00f3 adem\u00e1s 1,576 fallecimientos, elevando el balance total de muertes a 386,713.<\/p>\n","protected":false},"excerpt":{"rendered":"<p>(EFE).- La India registr\u00f3 este domingo algo menos de 60,000 infecciones por coronavirus por primera vez en tres meses, tras sufrir una virulenta segunda ola que colaps\u00f3 el sector sanitario y caus\u00f3 falta de camas de cuidados intensivos y ox\u00edgeno. Seg\u00fan los \u00faltimos datos del Ministerio de Salud indio, el n\u00famero de contagios detectados en [&hellip;]<\/p>\n","protected":false},"author":80,"featured_media":168864,"comment_status":"closed","ping_status":"open","sticky":false,"template":"","format":"standard","meta":{"footnotes":""},"categories":[31],"tags":[],"class_list":["post-168853","post","type-post","status-publish","format-standard","has-post-thumbnail","hentry","category-orbe"],"_links":{"self":[{"href":"https:\/\/plazajuarez.mx\/historico\/wp-json\/wp\/v2\/posts\/168853","targetHints":{"allow":["GET"]}}],"collection":[{"href":"https:\/\/plazajuarez.mx\/historico\/wp-json\/wp\/v2\/posts"}],"about":[{"href":"https:\/\/plazajuarez.mx\/historico\/wp-json\/wp\/v2\/types\/post"}],"author":[{"embeddable":true,"href":"https:\/\/plazajuarez.mx\/historico\/wp-json\/wp\/v2\/users\/80"}],"replies":[{"embeddable":true,"href":"https:\/\/plazajuarez.mx\/historico\/wp-json\/wp\/v2\/comments?post=168853"}],"version-history":[{"count":0,"href":"https:\/\/plazajuarez.mx\/historico\/wp-json\/wp\/v2\/posts\/168853\/revisions"}],"wp:featuredmedia":[{"embeddable":true,"href":"https:\/\/plazajuarez.mx\/historico\/wp-json\/wp\/v2\/media\/168864"}],"wp:attachment":[{"href":"https:\/\/plazajuarez.mx\/historico\/wp-json\/wp\/v2\/media?parent=168853"}],"wp:term":[{"taxonomy":"category","embeddable":true,"href":"https:\/\/plazajuarez.mx\/historico\/wp-json\/wp\/v2\/categories?post=168853"},{"taxonomy":"post_tag","embeddable":true,"href":"https:\/\/plazajuarez.mx\/historico\/wp-json\/wp\/v2\/tags?post=168853"}],"curies":[{"name":"wp","href":"https:\/\/api.w.org\/{rel}","templated":true}]}}