{"id":168849,"date":"2021-06-21T10:29:00","date_gmt":"2021-06-21T15:29:00","guid":{"rendered":"https:\/\/plazajuarez.mx\/?p=168849"},"modified":"2021-06-21T12:19:57","modified_gmt":"2021-06-21T17:19:57","slug":"uefa-sancionaria-a-neuer-y-a-la-seleccion-de-alemania","status":"publish","type":"post","link":"https:\/\/plazajuarez.mx\/historico\/uefa-sancionaria-a-neuer-y-a-la-seleccion-de-alemania\/","title":{"rendered":"UEFA sancionar\u00eda a Neuer y a la selecci\u00f3n de Alemania"},"content":{"rendered":"\n<p class=\"wp-block-paragraph\">(EL UNIVERSAL).- Seg\u00fan medios alemanes, la UEFA ha iniciado una investigaci\u00f3n contra la selecci\u00f3n de Alemania debido al brazalete &#8220;arco\u00edris&#8221;, s\u00edmbolo del movimiento LGBT, que el portero y capit\u00e1n Manuel Neuer ha utilizado durante la Eurocopa.<\/p>\n\n\n\n<p class=\"wp-block-paragraph\">La UEFA considera estos colores como un signo pol\u00edtico, lo que en un partido est\u00e1 prohibido utilizar, seg\u00fan sus reglas.<\/p>\n\n\n\n<p class=\"wp-block-paragraph\">Seg\u00fan los estatutos est\u00e1 prohibido: &#8220;El uso de palabras u objetos para transmitir cualquier mensaje que no encaje con el deporte, concretamente pol\u00edticos, ideol\u00f3gicos, religiosos, ofensivos o provocativos&#8221;.<\/p>\n\n\n\n<p class=\"wp-block-paragraph\">La Federaci\u00f3n alemana ahora podr\u00eda enfrentar a pagar una multa por estos motivos.<\/p>\n\n\n\n<p class=\"wp-block-paragraph\">Neuer, qui\u00e9n ha dicho que es heterosexual, ha utilizado estos colores desde hace varios a\u00f1os en la Bundesliga, donde defiende al Bayern Munich, y alguna ocasi\u00f3n dijo estar a favor que los atletas con otras preferencias sexuales salgan a la luz. &#8220;El p\u00fablico va a acostumbrarse r\u00e1pidamente, porque lo que a ellos les importa es el rendimiento del jugador, no sus preferencias sexuales. Quien sea homosexual deber\u00eda decirlo, ya que alivia&#8221;, manifest\u00f3 hace algunos a\u00f1os.<\/p>\n","protected":false},"excerpt":{"rendered":"<p>(EL UNIVERSAL).- Seg\u00fan medios alemanes, la UEFA ha iniciado una investigaci\u00f3n contra la selecci\u00f3n de Alemania debido al brazalete &#8220;arco\u00edris&#8221;, s\u00edmbolo del movimiento LGBT, que el portero y capit\u00e1n Manuel Neuer ha utilizado durante la Eurocopa. La UEFA considera estos colores como un signo pol\u00edtico, lo que en un partido est\u00e1 prohibido utilizar, seg\u00fan sus [&hellip;]<\/p>\n","protected":false},"author":81,"featured_media":168862,"comment_status":"closed","ping_status":"open","sticky":false,"template":"","format":"standard","meta":{"footnotes":""},"categories":[39],"tags":[],"class_list":["post-168849","post","type-post","status-publish","format-standard","has-post-thumbnail","hentry","category-deportiva"],"_links":{"self":[{"href":"https:\/\/plazajuarez.mx\/historico\/wp-json\/wp\/v2\/posts\/168849","targetHints":{"allow":["GET"]}}],"collection":[{"href":"https:\/\/plazajuarez.mx\/historico\/wp-json\/wp\/v2\/posts"}],"about":[{"href":"https:\/\/plazajuarez.mx\/historico\/wp-json\/wp\/v2\/types\/post"}],"author":[{"embeddable":true,"href":"https:\/\/plazajuarez.mx\/historico\/wp-json\/wp\/v2\/users\/81"}],"replies":[{"embeddable":true,"href":"https:\/\/plazajuarez.mx\/historico\/wp-json\/wp\/v2\/comments?post=168849"}],"version-history":[{"count":0,"href":"https:\/\/plazajuarez.mx\/historico\/wp-json\/wp\/v2\/posts\/168849\/revisions"}],"wp:featuredmedia":[{"embeddable":true,"href":"https:\/\/plazajuarez.mx\/historico\/wp-json\/wp\/v2\/media\/168862"}],"wp:attachment":[{"href":"https:\/\/plazajuarez.mx\/historico\/wp-json\/wp\/v2\/media?parent=168849"}],"wp:term":[{"taxonomy":"category","embeddable":true,"href":"https:\/\/plazajuarez.mx\/historico\/wp-json\/wp\/v2\/categories?post=168849"},{"taxonomy":"post_tag","embeddable":true,"href":"https:\/\/plazajuarez.mx\/historico\/wp-json\/wp\/v2\/tags?post=168849"}],"curies":[{"name":"wp","href":"https:\/\/api.w.org\/{rel}","templated":true}]}}