{"id":168847,"date":"2021-06-21T10:27:00","date_gmt":"2021-06-21T15:27:00","guid":{"rendered":"https:\/\/plazajuarez.mx\/?p=168847"},"modified":"2021-06-21T12:19:08","modified_gmt":"2021-06-21T17:19:08","slug":"checo-perez-logra-su-podio-12-en-la-formula-uno","status":"publish","type":"post","link":"https:\/\/plazajuarez.mx\/historico\/checo-perez-logra-su-podio-12-en-la-formula-uno\/","title":{"rendered":"&#8220;Checo&#8221; P\u00e9rez logra su podio 12 en la F\u00f3rmula Uno"},"content":{"rendered":"\n<p class=\"wp-block-paragraph\">(EL UNIVERSAL).- El mexicano Sergio &#8220;Checo&#8221; P\u00e9rez se apunt\u00f3 un podio m\u00e1s en su trayectoria dentro de la F\u00f3rmula Uno, al quedar en la tercera posici\u00f3n del Gran Premio de Francia.<\/p>\n\n\n\n<p class=\"wp-block-paragraph\">Su segundo como piloto de Red Bull y conseguido de manera consecutiva, ya que hace dos semanas se qued\u00f3 con la victoria en Azerbaiy\u00e1n.<\/p>\n\n\n\n<p class=\"wp-block-paragraph\">&#8220;En cuanto me adapt\u00e9, mantuve el ritmo y solo tuve una parada, que ayud\u00f3 mucho al final. Hicimos una gran carrera y una muy buena estrategia por parte del equipo&#8221;, coment\u00f3 Checo, antes de beber la fresca champa\u00f1a en el Circuito Paul Ricard.<\/p>\n\n\n\n<p class=\"wp-block-paragraph\">La victoria fue para el coequipero de P\u00e9rez, Max Verstappen, y el segundo lugar, Lewis Hamilton (Mercedes).<\/p>\n\n\n\n<p class=\"wp-block-paragraph\">En la recta final de la carrera, el tapat\u00edo super\u00f3 Valtteri Bottas (Mercedes), quien se fue molesto con la estrategia de su equipo, todo lo contrario al mexicano.<\/p>\n\n\n\n<p class=\"wp-block-paragraph\">&#8220;Quer\u00eda mantenerme entre los lideres, fue dif\u00edcil controlar el auto con el viento y mantenerse atr\u00e1s&#8221;, a\u00f1adi\u00f3 &#8220;Checo&#8221;.<\/p>\n\n\n\n<p class=\"wp-block-paragraph\">Los otros podios de P\u00e9rez en la F\u00f3rmula Uno fueron en Malasia, Canad\u00e1 e Italia, 2012 con Sauber; Bahrein (2014), Rusia (2015), M\u00f3naco, Europa (2016), Azerbaiy\u00e1n (2018), Turqu\u00eda y Sakhir (2020), con Force India\/Racing Point.<\/p>\n","protected":false},"excerpt":{"rendered":"<p>(EL UNIVERSAL).- El mexicano Sergio &#8220;Checo&#8221; P\u00e9rez se apunt\u00f3 un podio m\u00e1s en su trayectoria dentro de la F\u00f3rmula Uno, al quedar en la tercera posici\u00f3n del Gran Premio de Francia. Su segundo como piloto de Red Bull y conseguido de manera consecutiva, ya que hace dos semanas se qued\u00f3 con la victoria en Azerbaiy\u00e1n. [&hellip;]<\/p>\n","protected":false},"author":81,"featured_media":168860,"comment_status":"closed","ping_status":"open","sticky":false,"template":"","format":"standard","meta":{"footnotes":""},"categories":[39],"tags":[],"class_list":["post-168847","post","type-post","status-publish","format-standard","has-post-thumbnail","hentry","category-deportiva"],"_links":{"self":[{"href":"https:\/\/plazajuarez.mx\/historico\/wp-json\/wp\/v2\/posts\/168847","targetHints":{"allow":["GET"]}}],"collection":[{"href":"https:\/\/plazajuarez.mx\/historico\/wp-json\/wp\/v2\/posts"}],"about":[{"href":"https:\/\/plazajuarez.mx\/historico\/wp-json\/wp\/v2\/types\/post"}],"author":[{"embeddable":true,"href":"https:\/\/plazajuarez.mx\/historico\/wp-json\/wp\/v2\/users\/81"}],"replies":[{"embeddable":true,"href":"https:\/\/plazajuarez.mx\/historico\/wp-json\/wp\/v2\/comments?post=168847"}],"version-history":[{"count":0,"href":"https:\/\/plazajuarez.mx\/historico\/wp-json\/wp\/v2\/posts\/168847\/revisions"}],"wp:featuredmedia":[{"embeddable":true,"href":"https:\/\/plazajuarez.mx\/historico\/wp-json\/wp\/v2\/media\/168860"}],"wp:attachment":[{"href":"https:\/\/plazajuarez.mx\/historico\/wp-json\/wp\/v2\/media?parent=168847"}],"wp:term":[{"taxonomy":"category","embeddable":true,"href":"https:\/\/plazajuarez.mx\/historico\/wp-json\/wp\/v2\/categories?post=168847"},{"taxonomy":"post_tag","embeddable":true,"href":"https:\/\/plazajuarez.mx\/historico\/wp-json\/wp\/v2\/tags?post=168847"}],"curies":[{"name":"wp","href":"https:\/\/api.w.org\/{rel}","templated":true}]}}