{"id":168844,"date":"2021-06-21T10:21:00","date_gmt":"2021-06-21T15:21:00","guid":{"rendered":"https:\/\/plazajuarez.mx\/?p=168844"},"modified":"2021-06-21T12:14:03","modified_gmt":"2021-06-21T17:14:03","slug":"el-chavo-del-8-aniversario-a-oscuras","status":"publish","type":"post","link":"https:\/\/plazajuarez.mx\/historico\/el-chavo-del-8-aniversario-a-oscuras\/","title":{"rendered":"El Chavo del 8, aniversario a oscuras"},"content":{"rendered":"\n<p class=\"wp-block-paragraph\">Un aniversario sin grandes homenajes ni transmisiones es el que vivir\u00e1 &#8220;El Chavo del 8&#8221;. Considerada por d\u00e9cadas la serie de comedia mexicana m\u00e1s importante de la historia, gan\u00e1ndose el coraz\u00f3n de todo Latinoam\u00e9rica, llega al medio siglo sin acuerdos sobre sus derechos y ninguna emisi\u00f3n.<\/p>\n\n\n\n<p class=\"wp-block-paragraph\">&#8220;Es una pena que sean los 50 a\u00f1os y del Chavo nada, no hay registros de \u00e9l en la programaci\u00f3n de Televisa, en donde naci\u00f3. Es muy triste, y \u00e9l (Chespirito), estar\u00eda muy triste&#8221;, lamenta el cr\u00edtico de televisi\u00f3n Roberto Rondero.<\/p>\n\n\n\n<p class=\"wp-block-paragraph\">En agosto de 2020, la noticia de que el popular programa de Roberto G\u00f3mez Bola\u00f1os &#8220;Chespirito&#8221; saldr\u00eda del aire de todos los canales en los que era replicado, conmocion\u00f3 a fieles seguidores del mexicano, fallecido en 2014.<\/p>\n\n\n\n<p class=\"wp-block-paragraph\">Esto se debi\u00f3 a un desentendimiento legal por parte de Grupo Televisa y los representantes del fallecido productor y actor.<\/p>\n\n\n\n<p class=\"wp-block-paragraph\">Ante este escenario adverso, &#8220;El Chavo del 8&#8221;, que se emiti\u00f3 de 1971 a 1980, llega al quinto piso fuera del aire y con un gran n\u00famero de fan\u00e1ticos inconformes.<\/p>\n\n\n\n<p class=\"wp-block-paragraph\">La idea de que un grupo de adultos representar\u00e1n a ni\u00f1os en televisi\u00f3n no parec\u00eda muy atractiva, pero el carisma y la sencillez de cada uno de sus personajes pronto lo colocar\u00eda en los listados m\u00e1s altos de audiencia.<\/p>\n","protected":false},"excerpt":{"rendered":"<p>Un aniversario sin grandes homenajes ni transmisiones es el que vivir\u00e1 &#8220;El Chavo del 8&#8221;. Considerada por d\u00e9cadas la serie de comedia mexicana m\u00e1s importante de la historia, gan\u00e1ndose el coraz\u00f3n de todo Latinoam\u00e9rica, llega al medio siglo sin acuerdos sobre sus derechos y ninguna emisi\u00f3n. &#8220;Es una pena que sean los 50 a\u00f1os y [&hellip;]<\/p>\n","protected":false},"author":80,"featured_media":168859,"comment_status":"closed","ping_status":"open","sticky":false,"template":"","format":"standard","meta":{"footnotes":""},"categories":[38],"tags":[],"class_list":["post-168844","post","type-post","status-publish","format-standard","has-post-thumbnail","hentry","category-show"],"_links":{"self":[{"href":"https:\/\/plazajuarez.mx\/historico\/wp-json\/wp\/v2\/posts\/168844","targetHints":{"allow":["GET"]}}],"collection":[{"href":"https:\/\/plazajuarez.mx\/historico\/wp-json\/wp\/v2\/posts"}],"about":[{"href":"https:\/\/plazajuarez.mx\/historico\/wp-json\/wp\/v2\/types\/post"}],"author":[{"embeddable":true,"href":"https:\/\/plazajuarez.mx\/historico\/wp-json\/wp\/v2\/users\/80"}],"replies":[{"embeddable":true,"href":"https:\/\/plazajuarez.mx\/historico\/wp-json\/wp\/v2\/comments?post=168844"}],"version-history":[{"count":0,"href":"https:\/\/plazajuarez.mx\/historico\/wp-json\/wp\/v2\/posts\/168844\/revisions"}],"wp:featuredmedia":[{"embeddable":true,"href":"https:\/\/plazajuarez.mx\/historico\/wp-json\/wp\/v2\/media\/168859"}],"wp:attachment":[{"href":"https:\/\/plazajuarez.mx\/historico\/wp-json\/wp\/v2\/media?parent=168844"}],"wp:term":[{"taxonomy":"category","embeddable":true,"href":"https:\/\/plazajuarez.mx\/historico\/wp-json\/wp\/v2\/categories?post=168844"},{"taxonomy":"post_tag","embeddable":true,"href":"https:\/\/plazajuarez.mx\/historico\/wp-json\/wp\/v2\/tags?post=168844"}],"curies":[{"name":"wp","href":"https:\/\/api.w.org\/{rel}","templated":true}]}}