{"id":168830,"date":"2021-06-21T10:32:48","date_gmt":"2021-06-21T15:32:48","guid":{"rendered":"https:\/\/plazajuarez.mx\/?p=168830"},"modified":"2021-06-21T10:33:08","modified_gmt":"2021-06-21T15:33:08","slug":"este-lunes-taxistas-inician-conversion-tecnologica-a-taxi-contigo","status":"publish","type":"post","link":"https:\/\/plazajuarez.mx\/historico\/este-lunes-taxistas-inician-conversion-tecnologica-a-taxi-contigo\/","title":{"rendered":"ESTE LUNES TAXISTAS INICIAN CONVERSI\u00d3N TECNOL\u00d3GICA A TAXI CONTIGO"},"content":{"rendered":"\n<p class=\"wp-block-paragraph\">Este lunes 21 de junio ser\u00e1 cuando inicie la etapa de conversi\u00f3n tecnol\u00f3gica de Taxi Contigo para las unidades que ya realizaron su cambio de crom\u00e1tica como parte del proceso de modernizaci\u00f3n de los taxis en la entidad, el cual tardar\u00e1 aproximadamente un a\u00f1o, tal como lo anunci\u00f3 en d\u00edas pasados el gobernador Omar Fayad.<\/p>\n\n\n\n<p class=\"wp-block-paragraph\">Por lo anterior, la Secretar\u00eda de Movilidad y Transporte (SEMOT) a trav\u00e9s del Sistema de Transporte Convencional de Hidalgo (STCH), se encontrar\u00e1 en supervisi\u00f3n permanente para orientar a los usuarios, toda vez que podr\u00e1n disponer del servicio en 3 tipos de taxis: los que a\u00fan no han actualizado su crom\u00e1tica, aquellos que ya actualizaron dicha crom\u00e1tica pero a\u00fan no realizan la conversi\u00f3n tecnol\u00f3gica y en taxis ya cromatizadas y que hayan realizado conversi\u00f3n a Taxi Contigo. En el primero y segundo casos continuar\u00e1n cobrando la tarifa anterior, es decir 32.50 pesos como m\u00ednima. En el tercer caso, dichos taxis que ya cuenten con Taxi Contigo deber\u00e1n cobrar mediante el tax\u00edmetro digital y los usuarios podr\u00e1n identificarlas por contar con c\u00f3digo QR, el cual ser\u00e1 visible en la unidad.<\/p>\n","protected":false},"excerpt":{"rendered":"<p>Este lunes 21 de junio ser\u00e1 cuando inicie la etapa de conversi\u00f3n tecnol\u00f3gica de Taxi Contigo para las unidades que ya realizaron su cambio de crom\u00e1tica como parte del proceso de modernizaci\u00f3n de los taxis en la entidad, el cual tardar\u00e1 aproximadamente un a\u00f1o, tal como lo anunci\u00f3 en d\u00edas pasados el gobernador Omar Fayad. [&hellip;]<\/p>\n","protected":false},"author":93,"featured_media":168831,"comment_status":"closed","ping_status":"open","sticky":false,"template":"","format":"standard","meta":{"footnotes":""},"categories":[59],"tags":[],"class_list":["post-168830","post","type-post","status-publish","format-standard","has-post-thumbnail","hentry","category-general"],"_links":{"self":[{"href":"https:\/\/plazajuarez.mx\/historico\/wp-json\/wp\/v2\/posts\/168830","targetHints":{"allow":["GET"]}}],"collection":[{"href":"https:\/\/plazajuarez.mx\/historico\/wp-json\/wp\/v2\/posts"}],"about":[{"href":"https:\/\/plazajuarez.mx\/historico\/wp-json\/wp\/v2\/types\/post"}],"author":[{"embeddable":true,"href":"https:\/\/plazajuarez.mx\/historico\/wp-json\/wp\/v2\/users\/93"}],"replies":[{"embeddable":true,"href":"https:\/\/plazajuarez.mx\/historico\/wp-json\/wp\/v2\/comments?post=168830"}],"version-history":[{"count":0,"href":"https:\/\/plazajuarez.mx\/historico\/wp-json\/wp\/v2\/posts\/168830\/revisions"}],"wp:featuredmedia":[{"embeddable":true,"href":"https:\/\/plazajuarez.mx\/historico\/wp-json\/wp\/v2\/media\/168831"}],"wp:attachment":[{"href":"https:\/\/plazajuarez.mx\/historico\/wp-json\/wp\/v2\/media?parent=168830"}],"wp:term":[{"taxonomy":"category","embeddable":true,"href":"https:\/\/plazajuarez.mx\/historico\/wp-json\/wp\/v2\/categories?post=168830"},{"taxonomy":"post_tag","embeddable":true,"href":"https:\/\/plazajuarez.mx\/historico\/wp-json\/wp\/v2\/tags?post=168830"}],"curies":[{"name":"wp","href":"https:\/\/api.w.org\/{rel}","templated":true}]}}