{"id":168826,"date":"2021-06-21T10:29:55","date_gmt":"2021-06-21T15:29:55","guid":{"rendered":"https:\/\/plazajuarez.mx\/?p=168826"},"modified":"2021-06-21T10:30:12","modified_gmt":"2021-06-21T15:30:12","slug":"credenciales-para-votar-caducadas-en-2019-y-2020-mantienen-vigencia","status":"publish","type":"post","link":"https:\/\/plazajuarez.mx\/historico\/credenciales-para-votar-caducadas-en-2019-y-2020-mantienen-vigencia\/","title":{"rendered":"Credenciales para votar caducadas en 2019 y 2020 mantienen vigencia"},"content":{"rendered":"\n<p class=\"wp-block-paragraph\">Una vez m\u00e1s, el Instituto Nacional Electoral (INE) extendi\u00f3 una pr\u00f3rroga para que las credenciales para votar que hab\u00edan caducado en 2019 y 2020 sean vigentes para la consulta popular del pr\u00f3ximo 1\u00b0 de agosto en la que se decidir\u00e1 la posibilidad de llevar a juicio a cinco ex presidentes de la rep\u00fablica.&nbsp;<\/p>\n\n\n\n<p class=\"wp-block-paragraph\">De acuerdo con lo expuesto por el INE, se har\u00e1n v\u00e1lidas dichas credenciales hasta el uno de agosto, para salvaguardar los derechos pol\u00edtico-electorales de la ciudadan\u00eda y puedan participar de forma plena.<\/p>\n\n\n\n<p class=\"wp-block-paragraph\">En un primer momento el INE aprob\u00f3 extender la vigencia de la credencial para elector derivado de la contingencia sanitaria provocada por la Covid-19; sin embargo, con el paso del tiempo esta medida se adapt\u00f3 para la elecci\u00f3n de 2020 y se extendi\u00f3 para la elecci\u00f3n de 2021.<\/p>\n\n\n\n<p class=\"wp-block-paragraph\">Tras la aprobaci\u00f3n de la consulta popular para determinar el posible enjuiciamiento de cinco presidentes de la rep\u00fablica, el INE determin\u00f3 aplazar la vigencia hasta el pr\u00f3ximo 1\u00b0 de agosto, en el que se necesitar\u00e1 que alrededor de un 40 por ciento de la poblaci\u00f3n voten a favor del juicio en contra de ex presidentes.&nbsp;<\/p>\n","protected":false},"excerpt":{"rendered":"<p>Una vez m\u00e1s, el Instituto Nacional Electoral (INE) extendi\u00f3 una pr\u00f3rroga para que las credenciales para votar que hab\u00edan caducado en 2019 y 2020 sean vigentes para la consulta popular del pr\u00f3ximo 1\u00b0 de agosto en la que se decidir\u00e1 la posibilidad de llevar a juicio a cinco ex presidentes de la rep\u00fablica.&nbsp; De acuerdo [&hellip;]<\/p>\n","protected":false},"author":72,"featured_media":168827,"comment_status":"closed","ping_status":"open","sticky":false,"template":"","format":"standard","meta":{"footnotes":""},"categories":[59],"tags":[],"class_list":["post-168826","post","type-post","status-publish","format-standard","has-post-thumbnail","hentry","category-general"],"_links":{"self":[{"href":"https:\/\/plazajuarez.mx\/historico\/wp-json\/wp\/v2\/posts\/168826","targetHints":{"allow":["GET"]}}],"collection":[{"href":"https:\/\/plazajuarez.mx\/historico\/wp-json\/wp\/v2\/posts"}],"about":[{"href":"https:\/\/plazajuarez.mx\/historico\/wp-json\/wp\/v2\/types\/post"}],"author":[{"embeddable":true,"href":"https:\/\/plazajuarez.mx\/historico\/wp-json\/wp\/v2\/users\/72"}],"replies":[{"embeddable":true,"href":"https:\/\/plazajuarez.mx\/historico\/wp-json\/wp\/v2\/comments?post=168826"}],"version-history":[{"count":0,"href":"https:\/\/plazajuarez.mx\/historico\/wp-json\/wp\/v2\/posts\/168826\/revisions"}],"wp:featuredmedia":[{"embeddable":true,"href":"https:\/\/plazajuarez.mx\/historico\/wp-json\/wp\/v2\/media\/168827"}],"wp:attachment":[{"href":"https:\/\/plazajuarez.mx\/historico\/wp-json\/wp\/v2\/media?parent=168826"}],"wp:term":[{"taxonomy":"category","embeddable":true,"href":"https:\/\/plazajuarez.mx\/historico\/wp-json\/wp\/v2\/categories?post=168826"},{"taxonomy":"post_tag","embeddable":true,"href":"https:\/\/plazajuarez.mx\/historico\/wp-json\/wp\/v2\/tags?post=168826"}],"curies":[{"name":"wp","href":"https:\/\/api.w.org\/{rel}","templated":true}]}}