{"id":168818,"date":"2021-06-21T10:13:26","date_gmt":"2021-06-21T15:13:26","guid":{"rendered":"https:\/\/plazajuarez.mx\/?p=168818"},"modified":"2021-06-21T10:24:40","modified_gmt":"2021-06-21T15:24:40","slug":"inicia-vacunacion-para-bloque-de-40-a-49-anos","status":"publish","type":"post","link":"https:\/\/plazajuarez.mx\/historico\/inicia-vacunacion-para-bloque-de-40-a-49-anos\/","title":{"rendered":"Inicia vacunaci\u00f3n para bloque de 40 a 49 a\u00f1os"},"content":{"rendered":"\n<p>A trav\u00e9s de sus redes sociales, la Delegaci\u00f3n del Bienestar en Hidalgo, inform\u00f3 que hoy comenzar\u00e1 la vacunaci\u00f3n de personas de entre 40 y 49 a\u00f1os de edad en los municipios de Tula de Allende y Jaltoc\u00e1n, por lo que podr\u00e1n acudir a las sedes que se han activado durante toda la estrategia Nacional de Vacunaci\u00f3n para recibir la primera dosis del biol\u00f3gico. De igual forma en el municipio de Tula se inform\u00f3 que se comenzar\u00e1 con la vacunaci\u00f3n de mujeres mayores de 18 a\u00f1os que est\u00e9n embarazadas y cuenten con m\u00e1s de seis semanas de gestaci\u00f3n.<\/p>\n\n\n\n<p><strong>SEGUNDA DOSIS, A BLOQUE DE 50 A 59 A\u00d1OS<\/strong><\/p>\n\n\n\n<p>Adem\u00e1s, se inform\u00f3 tambi\u00e9n que la aplicaci\u00f3n de la segunda dosis de la vacuna contra Covid-19 dirigida a las personas de 50 a 59 a\u00f1os se realizar\u00e1 a partir de ma\u00f1ana en Pachuca, y concluir\u00e1 el viernes, 25 de junio.<\/p>\n\n\n\n<p>En esta ocasi\u00f3n, las sedes son: el Centro Regional de Educaci\u00f3n \u201cBenito Ju\u00e1rez\u201d, el Hospital Columba Rivera ISSSTE, la Escuela Secundaria T\u00e9cnica N\u00b0 31 (que igual recibir\u00e1 a personas que su primera dosis fue en la Escuela General N\u00b0 6), el Instituto Tecnol\u00f3gico de Pachuca, la Escuela Secundaria General N\u00b0 2 (personas que su primera dosis fue en la escuela Plan de Guadalupe), escuela Secundaria T\u00e9cnica N\u00b0 38 y el CBTIS 222.Se deber\u00e1 asistir a las sedes de acuerdo a la fecha en que se recibi\u00f3 la primera dosis, a la primera letra del apellido y a la localidad en que se reside. Quienes acudieron el martes 18 de mayo, les corresponder\u00e1 el martes 22; a la letra <strong>A<\/strong> le tocar\u00e1 a las 8:00 de la ma\u00f1ana, le seguir\u00e1 la <strong>B<\/strong> a las 10:00, a la <strong>C<\/strong>&nbsp; a las 11:00 y a la <strong>D <\/strong>y <strong>E <\/strong>&nbsp;a las 12:30; a quienes les toc\u00f3 el mi\u00e9rcoles 19 de mayo corresponder\u00e1 su turno el mi\u00e9rcoles 23: a la <strong>F <\/strong>y <strong>G <\/strong>&nbsp;a las 8:00, a la<strong> H <\/strong>a las 11:00, la <strong>L<\/strong>,<strong> J<\/strong> y<strong> K <\/strong>a las 12:30; si asistieron el jueves 20 de mayo tendr\u00e1n que asistir el jueves 24 de junio: a la <strong>L <\/strong>y<strong> N <\/strong>a las 8:00, a la<strong> M <\/strong>a las 10:00, a la<strong> \u00d1<\/strong>,<strong> O <\/strong>y<strong> P <\/strong>a las 12:30; por \u00faltimo si asistieron el viernes 21 de mayo deber\u00e1n acudir el viernes 25: la <strong>Q <\/strong>&nbsp;y <strong>R <\/strong>a las 8:00, la<strong> S <\/strong>y<strong> T <\/strong>a las 11:00, la<strong> U V W X Y <\/strong>y <strong>Z <\/strong>a las 12:30 y a las mujeres embarazadas a las 13:30.<\/p>\n","protected":false},"excerpt":{"rendered":"<p>A trav\u00e9s de sus redes sociales, la Delegaci\u00f3n del Bienestar en Hidalgo, inform\u00f3 que hoy comenzar\u00e1 la vacunaci\u00f3n de personas de entre 40 y 49 a\u00f1os de edad en los municipios de Tula de Allende y Jaltoc\u00e1n, por lo que podr\u00e1n acudir a las sedes que se han activado durante toda la estrategia Nacional de [&hellip;]<\/p>\n","protected":false},"author":101,"featured_media":168820,"comment_status":"closed","ping_status":"open","sticky":false,"template":"","format":"standard","meta":{"footnotes":""},"categories":[15,59],"tags":[],"class_list":["post-168818","post","type-post","status-publish","format-standard","has-post-thumbnail","hentry","category-destacadas","category-general"],"_links":{"self":[{"href":"https:\/\/plazajuarez.mx\/historico\/wp-json\/wp\/v2\/posts\/168818","targetHints":{"allow":["GET"]}}],"collection":[{"href":"https:\/\/plazajuarez.mx\/historico\/wp-json\/wp\/v2\/posts"}],"about":[{"href":"https:\/\/plazajuarez.mx\/historico\/wp-json\/wp\/v2\/types\/post"}],"author":[{"embeddable":true,"href":"https:\/\/plazajuarez.mx\/historico\/wp-json\/wp\/v2\/users\/101"}],"replies":[{"embeddable":true,"href":"https:\/\/plazajuarez.mx\/historico\/wp-json\/wp\/v2\/comments?post=168818"}],"version-history":[{"count":0,"href":"https:\/\/plazajuarez.mx\/historico\/wp-json\/wp\/v2\/posts\/168818\/revisions"}],"wp:featuredmedia":[{"embeddable":true,"href":"https:\/\/plazajuarez.mx\/historico\/wp-json\/wp\/v2\/media\/168820"}],"wp:attachment":[{"href":"https:\/\/plazajuarez.mx\/historico\/wp-json\/wp\/v2\/media?parent=168818"}],"wp:term":[{"taxonomy":"category","embeddable":true,"href":"https:\/\/plazajuarez.mx\/historico\/wp-json\/wp\/v2\/categories?post=168818"},{"taxonomy":"post_tag","embeddable":true,"href":"https:\/\/plazajuarez.mx\/historico\/wp-json\/wp\/v2\/tags?post=168818"}],"curies":[{"name":"wp","href":"https:\/\/api.w.org\/{rel}","templated":true}]}}