{"id":168815,"date":"2021-06-21T10:09:24","date_gmt":"2021-06-21T15:09:24","guid":{"rendered":"https:\/\/plazajuarez.mx\/?p=168815"},"modified":"2021-06-21T10:09:48","modified_gmt":"2021-06-21T15:09:48","slug":"ejidatarios-se-oponen-a-que-tizayuca-ceda-terrenos-a-tolcayuca","status":"publish","type":"post","link":"https:\/\/plazajuarez.mx\/historico\/ejidatarios-se-oponen-a-que-tizayuca-ceda-terrenos-a-tolcayuca\/","title":{"rendered":"Ejidatarios se oponen a que Tizayuca ceda terrenos a Tolcayuca"},"content":{"rendered":"\n<p><strong>TIZAYUCA<\/strong>.- Ejidatarios de Tizayuca, acudieron ayer a las 8:00 horas a la presidencia municipal debido a que se llevar\u00eda a cabo la sesi\u00f3n extraordinaria de cabildo en la que pondr\u00edan sobre la mesa\u00a0 un punto para establecer convenio y fijar los l\u00edmites entre los municipios de Tizayuca y Tolcayuca.\u00a0<\/p>\n\n\n\n<p>Los&nbsp; ejidatarios no est\u00e1n de acuerdo en que se realicen convenios con los actuales presidentes de cada municipio, motivo por el cual lanzaron una convocatoria para no permitir que cedan tierras de Tizayuca, mediante una manifestaci\u00f3n pac\u00edfica.&nbsp;<\/p>\n\n\n\n<p>La sesi\u00f3n que ten\u00edan programada a las nueve horas fue cancelada de \u00faltimo momento con un escrito que giraron a los integrantes del Ayuntamiento por el tema de seguridad.&nbsp;<\/p>\n\n\n\n<p>Por su parte, el comisario ejidal Modesto Garc\u00eda Salinas, se\u00f1al\u00f3 que no permitir\u00e1 que no escuchen al pueblo y defender\u00e1 lo que le pertenece al municipio de Tizayuca, por muchos a\u00f1os han manejado un mapa en el que establece hasta d\u00f3nde llegan los l\u00edmites.&nbsp;<\/p>\n\n\n\n<p>Finalmente, considera que no por intereses personales y econ\u00f3micos deben de ceder terrenos que son de los ciudadanos y tratar con formalidad y respeto el asunto, hasta el momento no los han citado con una hoja oficial para hablar del tema.<\/p>\n","protected":false},"excerpt":{"rendered":"<p>TIZAYUCA.- Ejidatarios de Tizayuca, acudieron ayer a las 8:00 horas a la presidencia municipal debido a que se llevar\u00eda a cabo la sesi\u00f3n extraordinaria de cabildo en la que pondr\u00edan sobre la mesa\u00a0 un punto para establecer convenio y fijar los l\u00edmites entre los municipios de Tizayuca y Tolcayuca.\u00a0 Los&nbsp; ejidatarios no est\u00e1n de acuerdo [&hellip;]<\/p>\n","protected":false},"author":78,"featured_media":0,"comment_status":"closed","ping_status":"open","sticky":false,"template":"","format":"standard","meta":{"footnotes":""},"categories":[40],"tags":[],"class_list":["post-168815","post","type-post","status-publish","format-standard","hentry","category-region"],"_links":{"self":[{"href":"https:\/\/plazajuarez.mx\/historico\/wp-json\/wp\/v2\/posts\/168815","targetHints":{"allow":["GET"]}}],"collection":[{"href":"https:\/\/plazajuarez.mx\/historico\/wp-json\/wp\/v2\/posts"}],"about":[{"href":"https:\/\/plazajuarez.mx\/historico\/wp-json\/wp\/v2\/types\/post"}],"author":[{"embeddable":true,"href":"https:\/\/plazajuarez.mx\/historico\/wp-json\/wp\/v2\/users\/78"}],"replies":[{"embeddable":true,"href":"https:\/\/plazajuarez.mx\/historico\/wp-json\/wp\/v2\/comments?post=168815"}],"version-history":[{"count":0,"href":"https:\/\/plazajuarez.mx\/historico\/wp-json\/wp\/v2\/posts\/168815\/revisions"}],"wp:attachment":[{"href":"https:\/\/plazajuarez.mx\/historico\/wp-json\/wp\/v2\/media?parent=168815"}],"wp:term":[{"taxonomy":"category","embeddable":true,"href":"https:\/\/plazajuarez.mx\/historico\/wp-json\/wp\/v2\/categories?post=168815"},{"taxonomy":"post_tag","embeddable":true,"href":"https:\/\/plazajuarez.mx\/historico\/wp-json\/wp\/v2\/tags?post=168815"}],"curies":[{"name":"wp","href":"https:\/\/api.w.org\/{rel}","templated":true}]}}