{"id":168806,"date":"2021-06-21T10:04:33","date_gmt":"2021-06-21T15:04:33","guid":{"rendered":"https:\/\/plazajuarez.mx\/?p=168806"},"modified":"2021-06-21T10:04:59","modified_gmt":"2021-06-21T15:04:59","slug":"suspenden-trabajos-para-renovar-dirigencia-de-comercio-informal","status":"publish","type":"post","link":"https:\/\/plazajuarez.mx\/historico\/suspenden-trabajos-para-renovar-dirigencia-de-comercio-informal\/","title":{"rendered":"Suspenden trabajos para renovar dirigencia de comercio informal"},"content":{"rendered":"\n<p><strong>IXMIQUILPAN<\/strong>.- Fueron suspendidos los trabajos que se ten\u00edan programados ayer para renovar la mesa directiva del comercio informal\u00a0 en Ixmiquilpan, ante las sospechas de malos manejos de recursos por parte de su actual l\u00edder, Yeni Urieta, asimismo para afrontar los nuevos retos ante la llegada de la nueva administraci\u00f3n municipal.\u00a0<\/p>\n\n\n\n<p>De acuerdo a los comerciantes, les han pedido algunas semanas m\u00e1s para llevar a cabo los consensos al interior de la organizaci\u00f3n, para que posteriormente se lleguen a los acuerdos que permitan la creaci\u00f3n de una mesa directiva organizada y legal, donde est\u00e9n todos representados y existan las reglas necesarias.<\/p>\n\n\n\n<p>Un grupo de comerciantes, revelaron a <em>Diario Plaza Ju\u00e1rez,<\/em> la inconformidad que se ha generado al interior de los comerciantes, debido a que su representante, Yeni Urieta, mantiene un control del gremio y adem\u00e1s, ha sido la causante de diversos problemas que han llevado a los agremiados, a exigir su salida y crear una nueva mesa directiva.&nbsp;<\/p>\n\n\n\n<p>El representante legal de la organizaci\u00f3n es el excandidato a diputado local, Vicente Charrez, quien ha pedido a los comerciantes llegar a acuerdos y evitar los conflictos, para que la renovaci\u00f3n sea de lo m\u00e1s ordenado y tranquilo. Los comerciantes lo nombraron como su representante legal desde el 2020, pero debido a las campa\u00f1as pol\u00edticas en las que ha participado, no ha podido atender las necesidades del grupo y tampoco conoce la realidad de los problemas existentes.&nbsp;<\/p>\n\n\n\n<p>Cabe se\u00f1alar, que el grupo de comerciantes no est\u00e1n ordenados y a\u00fan no son reconocidos por el ayuntamiento, por lo cual no pueden hacer aportaciones a la hacienda municipal. Con la creaci\u00f3n de su mesa directiva, pretenden buscar el reconocimiento institucional por parte del municipio y ordenarse para mejorar las calles donde est\u00e1n establecidos.<\/p>\n","protected":false},"excerpt":{"rendered":"<p>IXMIQUILPAN.- Fueron suspendidos los trabajos que se ten\u00edan programados ayer para renovar la mesa directiva del comercio informal\u00a0 en Ixmiquilpan, ante las sospechas de malos manejos de recursos por parte de su actual l\u00edder, Yeni Urieta, asimismo para afrontar los nuevos retos ante la llegada de la nueva administraci\u00f3n municipal.\u00a0 De acuerdo a los comerciantes, [&hellip;]<\/p>\n","protected":false},"author":75,"featured_media":168808,"comment_status":"closed","ping_status":"open","sticky":false,"template":"","format":"standard","meta":{"footnotes":""},"categories":[40],"tags":[],"class_list":["post-168806","post","type-post","status-publish","format-standard","has-post-thumbnail","hentry","category-region"],"_links":{"self":[{"href":"https:\/\/plazajuarez.mx\/historico\/wp-json\/wp\/v2\/posts\/168806","targetHints":{"allow":["GET"]}}],"collection":[{"href":"https:\/\/plazajuarez.mx\/historico\/wp-json\/wp\/v2\/posts"}],"about":[{"href":"https:\/\/plazajuarez.mx\/historico\/wp-json\/wp\/v2\/types\/post"}],"author":[{"embeddable":true,"href":"https:\/\/plazajuarez.mx\/historico\/wp-json\/wp\/v2\/users\/75"}],"replies":[{"embeddable":true,"href":"https:\/\/plazajuarez.mx\/historico\/wp-json\/wp\/v2\/comments?post=168806"}],"version-history":[{"count":0,"href":"https:\/\/plazajuarez.mx\/historico\/wp-json\/wp\/v2\/posts\/168806\/revisions"}],"wp:featuredmedia":[{"embeddable":true,"href":"https:\/\/plazajuarez.mx\/historico\/wp-json\/wp\/v2\/media\/168808"}],"wp:attachment":[{"href":"https:\/\/plazajuarez.mx\/historico\/wp-json\/wp\/v2\/media?parent=168806"}],"wp:term":[{"taxonomy":"category","embeddable":true,"href":"https:\/\/plazajuarez.mx\/historico\/wp-json\/wp\/v2\/categories?post=168806"},{"taxonomy":"post_tag","embeddable":true,"href":"https:\/\/plazajuarez.mx\/historico\/wp-json\/wp\/v2\/tags?post=168806"}],"curies":[{"name":"wp","href":"https:\/\/api.w.org\/{rel}","templated":true}]}}