{"id":168453,"date":"2021-06-18T10:17:06","date_gmt":"2021-06-18T15:17:06","guid":{"rendered":"https:\/\/plazajuarez.mx\/?p=168453"},"modified":"2021-06-18T10:17:28","modified_gmt":"2021-06-18T15:17:28","slug":"brutal-choque-de-dos-vehiculos-cobra-vida-de-joven-conductor","status":"publish","type":"post","link":"https:\/\/plazajuarez.mx\/historico\/brutal-choque-de-dos-vehiculos-cobra-vida-de-joven-conductor\/","title":{"rendered":"Brutal choque de dos veh\u00edculos, cobra vida de joven conductor"},"content":{"rendered":"\n<p>La noche del mi\u00e9rcoles, al filo de las 20 45 horas, se report\u00f3 un accidente de tr\u00e1nsito terrestre sobre la carretera Tula-Michimaloya, lo que dej\u00f3 saldo rojo de un muerto, un herido grave y cuantiosas p\u00e9rdidas materiales, ya que los veh\u00edculos siniestrados quedaron severamente da\u00f1ados de la parte frontal.<\/p>\n\n\n\n<p>El percance gener\u00f3 la inmediata movilizaci\u00f3n de elementos de la Secretaria de Seguridad P\u00fablica y Tr\u00e1nsito Municipal Tula De Allende, as\u00ed como de oficiales de la Agencia de Seguridad del estado de Hidalgo y efectivos de la Guardia nacional, que acudieron a tomar conocimiento.<\/p>\n\n\n\n<p>Fue en inmediaciones de la colonia El Tenjay, del municipio antes descrito, a la altura de la entrada de Mina Expromat Xiteje, donde se suscit\u00f3 el impacto de los veh\u00edculos Chevrolet Optra gris, con placas de circulaci\u00f3n HKX-987-B cuyo conductor Andr\u00e9s Garc\u00eda Valdez de 23 a\u00f1os de edad, vecino de Tula de Allende qued\u00f3 prensado al interior del auto en el lado del volante.<\/p>\n\n\n\n<p>La otra unidad impactada fue un Ford Focus, Color blanco, con l\u00e1minas para transitar HNG-55-46, quien iba al volante fue identificado con el nombre de Eduardo Monroy Aguilar de 20 a\u00f1os de edad, con domicilio en la Colonia Xijay de Cuauht\u00e9moc de Tula el cual se encontr\u00f3 sin vida.<\/p>\n\n\n\n<p>En el lugar se cont\u00f3 con el apoyo de param\u00e9dicos que tripulaban la Unidad de Protecci\u00f3n Civil de Tula con matr\u00edcula 3053, quienes auxiliaron al chofer que qued\u00f3 prensado, para finalmente trasladarlo a la cl\u00ednica del Seguro Social.<\/p>\n","protected":false},"excerpt":{"rendered":"<p>La noche del mi\u00e9rcoles, al filo de las 20 45 horas, se report\u00f3 un accidente de tr\u00e1nsito terrestre sobre la carretera Tula-Michimaloya, lo que dej\u00f3 saldo rojo de un muerto, un herido grave y cuantiosas p\u00e9rdidas materiales, ya que los veh\u00edculos siniestrados quedaron severamente da\u00f1ados de la parte frontal. El percance gener\u00f3 la inmediata movilizaci\u00f3n [&hellip;]<\/p>\n","protected":false},"author":93,"featured_media":168454,"comment_status":"closed","ping_status":"open","sticky":false,"template":"","format":"standard","meta":{"footnotes":""},"categories":[37],"tags":[],"class_list":["post-168453","post","type-post","status-publish","format-standard","has-post-thumbnail","hentry","category-barandilla"],"_links":{"self":[{"href":"https:\/\/plazajuarez.mx\/historico\/wp-json\/wp\/v2\/posts\/168453","targetHints":{"allow":["GET"]}}],"collection":[{"href":"https:\/\/plazajuarez.mx\/historico\/wp-json\/wp\/v2\/posts"}],"about":[{"href":"https:\/\/plazajuarez.mx\/historico\/wp-json\/wp\/v2\/types\/post"}],"author":[{"embeddable":true,"href":"https:\/\/plazajuarez.mx\/historico\/wp-json\/wp\/v2\/users\/93"}],"replies":[{"embeddable":true,"href":"https:\/\/plazajuarez.mx\/historico\/wp-json\/wp\/v2\/comments?post=168453"}],"version-history":[{"count":0,"href":"https:\/\/plazajuarez.mx\/historico\/wp-json\/wp\/v2\/posts\/168453\/revisions"}],"wp:featuredmedia":[{"embeddable":true,"href":"https:\/\/plazajuarez.mx\/historico\/wp-json\/wp\/v2\/media\/168454"}],"wp:attachment":[{"href":"https:\/\/plazajuarez.mx\/historico\/wp-json\/wp\/v2\/media?parent=168453"}],"wp:term":[{"taxonomy":"category","embeddable":true,"href":"https:\/\/plazajuarez.mx\/historico\/wp-json\/wp\/v2\/categories?post=168453"},{"taxonomy":"post_tag","embeddable":true,"href":"https:\/\/plazajuarez.mx\/historico\/wp-json\/wp\/v2\/tags?post=168453"}],"curies":[{"name":"wp","href":"https:\/\/api.w.org\/{rel}","templated":true}]}}