{"id":168262,"date":"2021-06-17T07:38:15","date_gmt":"2021-06-17T12:38:15","guid":{"rendered":"https:\/\/plazajuarez.mx\/?p=168262"},"modified":"2021-06-17T07:38:30","modified_gmt":"2021-06-17T12:38:30","slug":"letras-y-memorias-44","status":"publish","type":"post","link":"https:\/\/plazajuarez.mx\/historico\/letras-y-memorias-44\/","title":{"rendered":"Letras y Memorias"},"content":{"rendered":"\n<h2 class=\"wp-block-heading\"><strong>Meine Augen\u00a0<\/strong><\/h2>\n\n\n\n<p>En apenas un parpadeo puede que la vida se nos vaya, o de pronto, florezca de nuevo como sacada de un tallo que brinda suaves p\u00e9talos tras la tragedia cruda del invierno. En apenas un parpadeo aparecemos en este planeta y a la vez, nos vamos agitando las manos con la mira puesta en regresar, pero sin saber cu\u00e1ndo ni d\u00f3nde, o con qu\u00e9 prop\u00f3sito.<\/p>\n\n\n\n<p>Trillado suena eso de que, \u201cuno siempre regresa a donde fue feliz\u201d, pues los retornos m\u00edsticos no son cosa de mortales, sino de divinidades que en alg\u00fan punto del universo nos observan. M\u00e1s bien, eso de que uno regresa a donde fue feliz, tiene que ver con que la alegr\u00eda es como una suerte de <em>boomerang<\/em> que, tras haberse largado lejos en el firmamento, de pronto vuelve a la mano que lo lanz\u00f3 y traza una curva sonriente en los labios, nom\u00e1s con el fin de acelerar el pecho ante la maravilla que resulta el vivir en armon\u00eda y plenitud una vez m\u00e1s.&nbsp;&nbsp;<\/p>\n\n\n\n<p>Hac\u00eda un tanto que no estaba aqu\u00ed ella, la felicidad, la alegr\u00eda y la calma que uno siente y goza cuando come un helado, cuando el gato se acurruca en el regazo, cuando recibe flores, cuando escribe en un diario o cuando lee un mensaje puro que dice: \u201cte amo\u201d. Hac\u00eda mucho que no estaba aqu\u00ed y ahora, ha regresado como ese <em>boomerang <\/em>que se supo lanzado, y tard\u00f3 un poco en retornar a la mano que lo puso en \u00f3rbita.<\/p>\n\n\n\n<p>A veces somos un tanto extra\u00f1os, pues con los ojos cerrados uno se aferra a aquello que le hace bien, pero con el pecho partido se aferra a\u00fan m\u00e1s a aquello que ya no se disfruta, pero que en una utop\u00eda absurda nos ilusiona con sensaciones que se han ido hace mucho tiempo; y tambi\u00e9n, con los ojos cerrados y menos necio, uno puede soltar ese lazo que cort\u00f3 la circulaci\u00f3n de los dedos, puede sentirse libre de nuevo y, tirando las penas por el infinito pozo de la tristeza, uno puede deshacerse de la penumbra y la figura turbia de aquella promesa vac\u00eda que se perdi\u00f3 en el oc\u00e9ano.<\/p>\n\n\n\n<p>Con ojos puros y de matices esmeraldas, uno recuerda que antes de hoy tambi\u00e9n tuvo vida, y uno rememora los pasajes, banquillos, noches y flores apreciadas antes y, entiende que a veces la felicidad regresa en forma de calidez y compa\u00f1\u00eda, compa\u00f1\u00eda que sin importar nada sigue, permanece y se mantiene. Uno entiende que ese <em>boomerang<\/em> que una noche se alej\u00f3, ha vuelto con toda la fuerza y el vigor del planeta para recordarnos c\u00f3mo era sentirnos amados a diario, y m\u00e1s en una tarde de s\u00e1bado.<\/p>\n\n\n\n<p>Con una mirada esmeralda, uno recuerda que cada d\u00eda es un nuevo milagro y cada palabra escrita es otra confirmaci\u00f3n dulce de fe en el ma\u00f1ana, de armon\u00eda hoy y de quietud en la cama mientras los sue\u00f1os nos abrazan.&nbsp;<\/p>\n\n\n\n<p>En apenas un parpadeo, los seres humanos caemos a mereced de designios divinos que nos arropan estando desnudos o cobijados; en apenas un parpadeo amamos, re\u00edmos, lloramos, andamos, caminamos, exploramos, sentimos, vivimos y morimos\u2026 y basta tambi\u00e9n un parpadeo para entender que llega un momento en la vida de los hombres y mujeres en que, ning\u00fan da\u00f1o y ning\u00fan a\u00f1o son suficientemente profundos y turbios, como para resistirse a un coraz\u00f3n de luz y un destello esmeralda en los ojos de la compa\u00f1\u00eda amada, en los ojos nuestros sabi\u00e9ndose rescatados del abismo de la nada.&nbsp;<\/p>\n\n\n\n<p><strong>\u00a1Hasta el pr\u00f3ximo jueves!<\/strong>&nbsp;&nbsp;<\/p>\n\n\n\n<p><strong>Postdata:<\/strong> Ti voglio bene, cuore.<\/p>\n\n\n\n<p><strong>Mi Twitter: @CamaradaEslava<\/strong><\/p>\n\n\n\n<p><strong>Mi correo: <\/strong><a href=\"mailto:osmareslava@plazajuarez.mx\/historico\/historico\"><strong>osmareslava@plazajuarez.mx\/historico\/historico<\/strong><\/a><strong>&nbsp;<\/strong><\/p>\n","protected":false},"excerpt":{"rendered":"<p>Meine Augen\u00a0 En apenas un parpadeo puede que la vida se nos vaya, o de pronto, florezca de nuevo como sacada de un tallo que brinda suaves p\u00e9talos tras la tragedia cruda del invierno. En apenas un parpadeo aparecemos en este planeta y a la vez, nos vamos agitando las manos con la mira puesta [&hellip;]<\/p>\n","protected":false},"author":95,"featured_media":154932,"comment_status":"closed","ping_status":"open","sticky":false,"template":"","format":"standard","meta":{"footnotes":""},"categories":[42,84],"tags":[],"class_list":["post-168262","post","type-post","status-publish","format-standard","has-post-thumbnail","hentry","category-nuestrapalabra","category-osmar-eslava-marquez"],"_links":{"self":[{"href":"https:\/\/plazajuarez.mx\/historico\/wp-json\/wp\/v2\/posts\/168262","targetHints":{"allow":["GET"]}}],"collection":[{"href":"https:\/\/plazajuarez.mx\/historico\/wp-json\/wp\/v2\/posts"}],"about":[{"href":"https:\/\/plazajuarez.mx\/historico\/wp-json\/wp\/v2\/types\/post"}],"author":[{"embeddable":true,"href":"https:\/\/plazajuarez.mx\/historico\/wp-json\/wp\/v2\/users\/95"}],"replies":[{"embeddable":true,"href":"https:\/\/plazajuarez.mx\/historico\/wp-json\/wp\/v2\/comments?post=168262"}],"version-history":[{"count":0,"href":"https:\/\/plazajuarez.mx\/historico\/wp-json\/wp\/v2\/posts\/168262\/revisions"}],"wp:featuredmedia":[{"embeddable":true,"href":"https:\/\/plazajuarez.mx\/historico\/wp-json\/wp\/v2\/media\/154932"}],"wp:attachment":[{"href":"https:\/\/plazajuarez.mx\/historico\/wp-json\/wp\/v2\/media?parent=168262"}],"wp:term":[{"taxonomy":"category","embeddable":true,"href":"https:\/\/plazajuarez.mx\/historico\/wp-json\/wp\/v2\/categories?post=168262"},{"taxonomy":"post_tag","embeddable":true,"href":"https:\/\/plazajuarez.mx\/historico\/wp-json\/wp\/v2\/tags?post=168262"}],"curies":[{"name":"wp","href":"https:\/\/api.w.org\/{rel}","templated":true}]}}