{"id":168184,"date":"2021-06-16T06:00:00","date_gmt":"2021-06-16T11:00:00","guid":{"rendered":"https:\/\/plazajuarez.mx\/?p=168184"},"modified":"2021-06-16T11:51:18","modified_gmt":"2021-06-16T16:51:18","slug":"manana-vincularan-a-jovenes-con-el-programa-mi-primer-empleo","status":"publish","type":"post","link":"https:\/\/plazajuarez.mx\/historico\/manana-vincularan-a-jovenes-con-el-programa-mi-primer-empleo\/","title":{"rendered":"Ma\u00f1ana vincular\u00e1n a j\u00f3venes con el Programa Mi Primer Empleo"},"content":{"rendered":"\n<p>Este jueves,&nbsp;a partir de las 11:00 horas, ofrecer\u00e1n&nbsp;una charla virtual para egresados de nivel media superior y superior en torno a c\u00f3mo vincularse al Programa Mi Primer Empleo, del Gobierno Estatal.<\/p>\n\n\n\n<p>En acciones coordinadas a trav\u00e9s de la Secretaria de Fomento Econ\u00f3mico y&nbsp;la Secretaria de Desarrollo Econ\u00f3mico del Gobierno estatal,&nbsp;este jueves se llevar\u00e1 a cabo una charla virtual con transmisi\u00f3n en plataformas zoom y Facebook live, con el tema \u00bfc\u00f3mo acceder al programa Mi Primer Empleo?<\/p>\n\n\n\n<p>Juan Garc\u00eda Melo, secretario de Fomento Econ\u00f3mico,&nbsp;precis\u00f3 que&nbsp;la&nbsp;pl\u00e1tica va enfocada&nbsp;a empresas contratantes e igualmente a&nbsp;reci\u00e9n egresados de nivel medio superior y superior con el prop\u00f3sito de informar lineamientos&nbsp;para integrarse a esta estrategia de vinculaci\u00f3n laboral<\/p>\n\n\n\n<p>En el caso de las empresas, el apoyo consiste en tener becarios dentro de sus empresas sin que&nbsp;haya&nbsp;que desembolsar salarios durante 6 meses. Los egresados tendr\u00e1n como beneficio una beca con est\u00edmulo econ\u00f3mico&nbsp;durante 6 meses.<\/p>\n\n\n\n<p>Para participar de esta pl\u00e1tica ingresar&nbsp;este jueves a partir de las 11:00 horas en el perfil de Facebook Bolsa de Trabajo del municipio @BolsaDeTrabajoTulancingo.<\/p>\n\n\n\n<p>Para mayor informaci\u00f3n, tel\u00e9fono 7757558450 extensi\u00f3n 1194 con la licenciada Claudia Mu\u00f1oz Garc\u00eda.<\/p>\n","protected":false},"excerpt":{"rendered":"<p>Este jueves,&nbsp;a partir de las 11:00 horas, ofrecer\u00e1n&nbsp;una charla virtual para egresados de nivel media superior y superior en torno a c\u00f3mo vincularse al Programa Mi Primer Empleo, del Gobierno Estatal. En acciones coordinadas a trav\u00e9s de la Secretaria de Fomento Econ\u00f3mico y&nbsp;la Secretaria de Desarrollo Econ\u00f3mico del Gobierno estatal,&nbsp;este jueves se llevar\u00e1 a cabo [&hellip;]<\/p>\n","protected":false},"author":93,"featured_media":168192,"comment_status":"closed","ping_status":"open","sticky":false,"template":"","format":"standard","meta":{"footnotes":""},"categories":[40],"tags":[],"class_list":["post-168184","post","type-post","status-publish","format-standard","has-post-thumbnail","hentry","category-region"],"_links":{"self":[{"href":"https:\/\/plazajuarez.mx\/historico\/wp-json\/wp\/v2\/posts\/168184","targetHints":{"allow":["GET"]}}],"collection":[{"href":"https:\/\/plazajuarez.mx\/historico\/wp-json\/wp\/v2\/posts"}],"about":[{"href":"https:\/\/plazajuarez.mx\/historico\/wp-json\/wp\/v2\/types\/post"}],"author":[{"embeddable":true,"href":"https:\/\/plazajuarez.mx\/historico\/wp-json\/wp\/v2\/users\/93"}],"replies":[{"embeddable":true,"href":"https:\/\/plazajuarez.mx\/historico\/wp-json\/wp\/v2\/comments?post=168184"}],"version-history":[{"count":0,"href":"https:\/\/plazajuarez.mx\/historico\/wp-json\/wp\/v2\/posts\/168184\/revisions"}],"wp:featuredmedia":[{"embeddable":true,"href":"https:\/\/plazajuarez.mx\/historico\/wp-json\/wp\/v2\/media\/168192"}],"wp:attachment":[{"href":"https:\/\/plazajuarez.mx\/historico\/wp-json\/wp\/v2\/media?parent=168184"}],"wp:term":[{"taxonomy":"category","embeddable":true,"href":"https:\/\/plazajuarez.mx\/historico\/wp-json\/wp\/v2\/categories?post=168184"},{"taxonomy":"post_tag","embeddable":true,"href":"https:\/\/plazajuarez.mx\/historico\/wp-json\/wp\/v2\/tags?post=168184"}],"curies":[{"name":"wp","href":"https:\/\/api.w.org\/{rel}","templated":true}]}}