{"id":168150,"date":"2021-06-16T10:46:12","date_gmt":"2021-06-16T15:46:12","guid":{"rendered":"https:\/\/plazajuarez.mx\/?p=168150"},"modified":"2021-06-16T10:46:30","modified_gmt":"2021-06-16T15:46:30","slug":"america-anuncia-la-salida-de-giovani-dos-santos","status":"publish","type":"post","link":"https:\/\/plazajuarez.mx\/historico\/america-anuncia-la-salida-de-giovani-dos-santos\/","title":{"rendered":"Am\u00e9rica anuncia la salida de Giovani dos Santos"},"content":{"rendered":"\n<p>Lleg\u00f3 como el &#8220;Hijo pr\u00f3digo&#8221; y se fue como un fracaso m\u00e1s en su carrera. Am\u00e9rica ha anunciado el fin de su relaci\u00f3n con Giovani dos Santos, quien despu\u00e9s de dos a\u00f1os en el club de Coapa, se marcha con m\u00e1s pena que gloria. &#8220;Gio&#8221;, hijo de Francisco Zizinho (quien jug\u00f3 con las \u00c1guilas en los 80), lleg\u00f3 para el Apertura 2019, pero nunca logr\u00f3 despegar con el equipo, debido a lesiones y bajas de juego. Ahora se va por la puerta de atr\u00e1s.<br><br>El club de Coapa dio a conocer que el futbolista dejar\u00e1 al equipo, con un breve mensaje en sus redes sociales. &#8220;Gracias Giovani dos Santos por vestir estos colores. Te deseamos lo mejor en tu pr\u00f3ximo reto, siempre ser\u00e1s americanista&#8221;, inform\u00f3 el club, acompa\u00f1ado de una imagen del atacante mexicano que fue campe\u00f3n del mundo en 2005.<br><br>Si bien el t\u00e9cnico azulcrema, Santiago Solari, se expres\u00f3 de muy buena forma de Dos Santos a lo largo del torneo, la realidad es que tuvo una nula trascendencia en el semestre. En el reciente torneo Guardianes 2021, el jugador de 32 a\u00f1os jug\u00f3 \u00fanicamente en siente partidos, y solo tres como titular con un total de 277 minutos disputados de 1530 posibles, sin contar la liguilla. Solo marc\u00f3 un gol. El torneo anterior disput\u00f3 nueve juegos, cinco como titular, y solo jug\u00f3 399 minutos, donde tambi\u00e9n marc\u00f3 solo un gol.<br><br>Lo que m\u00e1s se recordar\u00e1 de Giovani con los azulcremas es la terrible patada que sufri\u00f3 de Antonio Brise\u00f1o del Guadalajara, en el Cl\u00e1sico del Apertura 2019. La patada del &#8220;Pollo&#8221; le abri\u00f3 el muslo y lo alej\u00f3 de las canchas por varios meses. Y de eso nunca pudo regresar. En total, con el Am\u00e9rica, al que llego &#8220;gratis&#8221; despu\u00e9s de que fuera despedido por el LA Galaxy, marc\u00f3 cuatro goles. El valor de Giovani se ha depreciado a\u00f1o tras a\u00f1o.<\/p>\n","protected":false},"excerpt":{"rendered":"<p>Lleg\u00f3 como el &#8220;Hijo pr\u00f3digo&#8221; y se fue como un fracaso m\u00e1s en su carrera. Am\u00e9rica ha anunciado el fin de su relaci\u00f3n con Giovani dos Santos, quien despu\u00e9s de dos a\u00f1os en el club de Coapa, se marcha con m\u00e1s pena que gloria. &#8220;Gio&#8221;, hijo de Francisco Zizinho (quien jug\u00f3 con las \u00c1guilas en [&hellip;]<\/p>\n","protected":false},"author":81,"featured_media":168151,"comment_status":"closed","ping_status":"open","sticky":false,"template":"","format":"standard","meta":{"footnotes":""},"categories":[39],"tags":[],"class_list":["post-168150","post","type-post","status-publish","format-standard","has-post-thumbnail","hentry","category-deportiva"],"_links":{"self":[{"href":"https:\/\/plazajuarez.mx\/historico\/wp-json\/wp\/v2\/posts\/168150","targetHints":{"allow":["GET"]}}],"collection":[{"href":"https:\/\/plazajuarez.mx\/historico\/wp-json\/wp\/v2\/posts"}],"about":[{"href":"https:\/\/plazajuarez.mx\/historico\/wp-json\/wp\/v2\/types\/post"}],"author":[{"embeddable":true,"href":"https:\/\/plazajuarez.mx\/historico\/wp-json\/wp\/v2\/users\/81"}],"replies":[{"embeddable":true,"href":"https:\/\/plazajuarez.mx\/historico\/wp-json\/wp\/v2\/comments?post=168150"}],"version-history":[{"count":0,"href":"https:\/\/plazajuarez.mx\/historico\/wp-json\/wp\/v2\/posts\/168150\/revisions"}],"wp:featuredmedia":[{"embeddable":true,"href":"https:\/\/plazajuarez.mx\/historico\/wp-json\/wp\/v2\/media\/168151"}],"wp:attachment":[{"href":"https:\/\/plazajuarez.mx\/historico\/wp-json\/wp\/v2\/media?parent=168150"}],"wp:term":[{"taxonomy":"category","embeddable":true,"href":"https:\/\/plazajuarez.mx\/historico\/wp-json\/wp\/v2\/categories?post=168150"},{"taxonomy":"post_tag","embeddable":true,"href":"https:\/\/plazajuarez.mx\/historico\/wp-json\/wp\/v2\/tags?post=168150"}],"curies":[{"name":"wp","href":"https:\/\/api.w.org\/{rel}","templated":true}]}}