{"id":168144,"date":"2021-06-16T10:41:50","date_gmt":"2021-06-16T15:41:50","guid":{"rendered":"https:\/\/plazajuarez.mx\/?p=168144"},"modified":"2021-06-16T10:42:30","modified_gmt":"2021-06-16T15:42:30","slug":"derriban-arbol-en-ixmiquilpan-vecinos-inconformes","status":"publish","type":"post","link":"https:\/\/plazajuarez.mx\/historico\/derriban-arbol-en-ixmiquilpan-vecinos-inconformes\/","title":{"rendered":"Derriban \u00e1rbol en Ixmiquilpan, vecinos inconformes"},"content":{"rendered":"\n<p>Ixmiquilpan. Sin ning\u00fan motivo, un \u00e1rbol con m\u00e1s de 15 metros de altura fue derribado en el barrio de El Carmen, en el municipio de Ixmiquilpan, los vecinos han mostrado inconformidad porque no hab\u00eda ninguna raz\u00f3n para tirarlo.<\/p>\n\n\n\n<p>Explicaron, que el \u00e1rbol no representaba ning\u00fan peligro ni para los vecinos ni para las viviendas que se encuentran al rededor y esta ma\u00f1ana simplemente el due\u00f1o lleg\u00f3 y lo tal\u00f3. Estaba en un terreno bald\u00edo, lamentaron que se haya derribado cuando el \u00e1rbol era querido por los vecinos.<\/p>\n","protected":false},"excerpt":{"rendered":"<p>Ixmiquilpan. Sin ning\u00fan motivo, un \u00e1rbol con m\u00e1s de 15 metros de altura fue derribado en el barrio de El Carmen, en el municipio de Ixmiquilpan, los vecinos han mostrado inconformidad porque no hab\u00eda ninguna raz\u00f3n para tirarlo. Explicaron, que el \u00e1rbol no representaba ning\u00fan peligro ni para los vecinos ni para las viviendas que [&hellip;]<\/p>\n","protected":false},"author":75,"featured_media":168146,"comment_status":"closed","ping_status":"open","sticky":false,"template":"","format":"standard","meta":{"footnotes":""},"categories":[15,40],"tags":[],"class_list":["post-168144","post","type-post","status-publish","format-standard","has-post-thumbnail","hentry","category-destacadas","category-region"],"_links":{"self":[{"href":"https:\/\/plazajuarez.mx\/historico\/wp-json\/wp\/v2\/posts\/168144","targetHints":{"allow":["GET"]}}],"collection":[{"href":"https:\/\/plazajuarez.mx\/historico\/wp-json\/wp\/v2\/posts"}],"about":[{"href":"https:\/\/plazajuarez.mx\/historico\/wp-json\/wp\/v2\/types\/post"}],"author":[{"embeddable":true,"href":"https:\/\/plazajuarez.mx\/historico\/wp-json\/wp\/v2\/users\/75"}],"replies":[{"embeddable":true,"href":"https:\/\/plazajuarez.mx\/historico\/wp-json\/wp\/v2\/comments?post=168144"}],"version-history":[{"count":0,"href":"https:\/\/plazajuarez.mx\/historico\/wp-json\/wp\/v2\/posts\/168144\/revisions"}],"wp:featuredmedia":[{"embeddable":true,"href":"https:\/\/plazajuarez.mx\/historico\/wp-json\/wp\/v2\/media\/168146"}],"wp:attachment":[{"href":"https:\/\/plazajuarez.mx\/historico\/wp-json\/wp\/v2\/media?parent=168144"}],"wp:term":[{"taxonomy":"category","embeddable":true,"href":"https:\/\/plazajuarez.mx\/historico\/wp-json\/wp\/v2\/categories?post=168144"},{"taxonomy":"post_tag","embeddable":true,"href":"https:\/\/plazajuarez.mx\/historico\/wp-json\/wp\/v2\/tags?post=168144"}],"curies":[{"name":"wp","href":"https:\/\/api.w.org\/{rel}","templated":true}]}}