{"id":168124,"date":"2021-06-16T08:16:23","date_gmt":"2021-06-16T13:16:23","guid":{"rendered":"https:\/\/plazajuarez.mx\/?p=168124"},"modified":"2021-06-16T08:16:44","modified_gmt":"2021-06-16T13:16:44","slug":"alfil-negro-2100","status":"publish","type":"post","link":"https:\/\/plazajuarez.mx\/historico\/alfil-negro-2100\/","title":{"rendered":"ALFIL NEGRO"},"content":{"rendered":"\n<h2 class=\"wp-block-heading\"><strong>AMLO, \u00bfcontra los cat\u00f3licos?<\/strong><\/h2>\n\n\n\n<p>El Presidente Andre\u015b Manuel L\u00f3pez Obrador parece tener como un resentimiento contra los cat\u00f3licos por razones que se suponen pol\u00edticas y lo que \u00e9l puede entender de poco apoyo, sobre todo de ciertas jerarqu\u00edas, a sus intentos por ser titular del Poder Ejecutivo de M\u00e9xico.<\/p>\n\n\n\n<p>Lo que se ha visto es que en algunas de sus referencias a temas, como el rev\u00e9s que se llev\u00f3 Morena el 6 de junio en la Ciudad de M\u00e9xico, donde perdi\u00f3 9 alcald\u00edas de 16, dice que se perdieron porque la clase media de la Ciudad hizo caso de una campa\u00f1a de mentiras con una actitud aspiracionista de triunfar a toda costa, salir adelante, muy ego\u00edsta, \u201cPERO ESO S\u00cd VAN A MISA TODOS LOS DOMINGOS, CONFIESAN Y COMULGAN PARA DEJAR EL MARCADOR EN CERO Y DESPU\u00c9S A LO MISMO&#8221;.<\/p>\n\n\n\n<p>Es clara la alusi\u00f3n a los cat\u00f3licos, aunque enmarcados en la descalificaci\u00f3n a la clase media, porque que se sepa es la \u00fanica religi\u00f3n que tiene los sacramentos de la confesi\u00f3n y la comuni\u00f3n, aparte de otros cinco.<\/p>\n\n\n\n<p>Obrador que es un juarista declarado, no tiene empacho en citar muy seguido textos de la Biblia, del Antiguo Testamento si se trata de un discurso de condena de acuerdo al Dios fuerte de esa parte de la Biblia, o bien, a los evangelios cuando el tono es de hermandad y servicio sobre todo a los pobres.<\/p>\n\n\n\n<p>Lo que no se sabe bien, o por lo menos de manera p\u00fablica, es qu\u00e9 religi\u00f3n tiene AMLO, porque \u00e9l deja todo a la interpretaci\u00f3n porque se declara Cristiano en el concepto de seguidor de Cristo.<\/p>\n\n\n\n<p>Como no aclara las cosas muchos dicen que es cat\u00f3lico porque afirman que de ni\u00f1o fue hasta monaguillo, y los protestantes afirman que es de ellos por la apertura a sus l\u00edderes, aunque los evang\u00e9licos pentecostales se llevan el gato al agua por su teolog\u00eda de la prosperidad, que encaja en la pol\u00edtica Obradorista.<\/p>\n\n\n\n<p>En esta mezcla religiosa, en que se privilegia lo que se acomoda a un plan de gobierno, parece que de lo que se trata es de tener una teolog\u00eda de la Cuarta Transformaci\u00f3n que le d\u00e9 bases de principios y valores a una forma de gobierno.<\/p>\n\n\n\n<p>Y extra\u00f1amente son los cat\u00f3licos, o eso parece, los que quedan fuera de estos amarres y acuerdos, porque la doctrina cat\u00f3lica no camina por el lado del aborto o de otras apuestas en lo sexual.<\/p>\n\n\n\n<p>Aunque parece que el fondo del asunto es la postura cat\u00f3lica en relaci\u00f3n a Obrador, en su lucha por el poder.<\/p>\n\n\n\n<p>A lo mejor lo que no se debe olvidar es que en M\u00e9xico hay cerca de 98 millones de mexicanos que son cat\u00f3licos, de 126 millones que tiene el pa\u00eds y que desde 1991 con Salinas hay relaciones con el Vaticano y que ha habido una presencia importante de cat\u00f3licos en la Reforma de 1858, la intervenci\u00f3n francesa de 1862 y la Guerra Cristera de 1929.<\/p>\n\n\n\n<p>Con el debate de si fue para bien o para mal.<\/p>\n\n\n\n<p>En todo caso es mejor para M\u00e9xico sumar a todos, que crear muros de divisi\u00f3n o campos de enfrentamientos.<\/p>\n\n\n\n<p>Porque sigue siendo v\u00e1lido lo de &#8220;dar al C\u00e9sar lo que es del C\u00e9sar y a Dios lo que es de Dios&#8221;.<\/p>\n","protected":false},"excerpt":{"rendered":"<p>AMLO, \u00bfcontra los cat\u00f3licos? El Presidente Andre\u015b Manuel L\u00f3pez Obrador parece tener como un resentimiento contra los cat\u00f3licos por razones que se suponen pol\u00edticas y lo que \u00e9l puede entender de poco apoyo, sobre todo de ciertas jerarqu\u00edas, a sus intentos por ser titular del Poder Ejecutivo de M\u00e9xico. Lo que se ha visto es [&hellip;]<\/p>\n","protected":false},"author":83,"featured_media":154739,"comment_status":"closed","ping_status":"open","sticky":false,"template":"","format":"standard","meta":{"footnotes":""},"categories":[48,42],"tags":[],"class_list":["post-168124","post","type-post","status-publish","format-standard","has-post-thumbnail","hentry","category-adalberto-peralta","category-nuestrapalabra"],"_links":{"self":[{"href":"https:\/\/plazajuarez.mx\/historico\/wp-json\/wp\/v2\/posts\/168124","targetHints":{"allow":["GET"]}}],"collection":[{"href":"https:\/\/plazajuarez.mx\/historico\/wp-json\/wp\/v2\/posts"}],"about":[{"href":"https:\/\/plazajuarez.mx\/historico\/wp-json\/wp\/v2\/types\/post"}],"author":[{"embeddable":true,"href":"https:\/\/plazajuarez.mx\/historico\/wp-json\/wp\/v2\/users\/83"}],"replies":[{"embeddable":true,"href":"https:\/\/plazajuarez.mx\/historico\/wp-json\/wp\/v2\/comments?post=168124"}],"version-history":[{"count":0,"href":"https:\/\/plazajuarez.mx\/historico\/wp-json\/wp\/v2\/posts\/168124\/revisions"}],"wp:featuredmedia":[{"embeddable":true,"href":"https:\/\/plazajuarez.mx\/historico\/wp-json\/wp\/v2\/media\/154739"}],"wp:attachment":[{"href":"https:\/\/plazajuarez.mx\/historico\/wp-json\/wp\/v2\/media?parent=168124"}],"wp:term":[{"taxonomy":"category","embeddable":true,"href":"https:\/\/plazajuarez.mx\/historico\/wp-json\/wp\/v2\/categories?post=168124"},{"taxonomy":"post_tag","embeddable":true,"href":"https:\/\/plazajuarez.mx\/historico\/wp-json\/wp\/v2\/tags?post=168124"}],"curies":[{"name":"wp","href":"https:\/\/api.w.org\/{rel}","templated":true}]}}