{"id":168114,"date":"2021-06-15T20:31:40","date_gmt":"2021-06-16T01:31:40","guid":{"rendered":"https:\/\/plazajuarez.mx\/?p=168114"},"modified":"2021-06-15T20:32:02","modified_gmt":"2021-06-16T01:32:02","slug":"mexico-acumula-230-mil-424-muertes-por-covid-19","status":"publish","type":"post","link":"https:\/\/plazajuarez.mx\/historico\/mexico-acumula-230-mil-424-muertes-por-covid-19\/","title":{"rendered":"M\u00e9xico acumula 230 mil 424 muertes por Covid-19"},"content":{"rendered":"\n<p>Al corte de este martes 15 de junio, M\u00e9xico acumul\u00f3 230 mil 424 muertes por\u00a0Covid-19 informaron\u00a0autoridades sanitarias.<br><br>Asimismo, se detall\u00f3 que el pa\u00eds ha sumado 4 mil 250 contagios, para dar un total de 2 millones 459 mil 601 de casos confirmados.<br><br>Con estas cifras, M\u00e9xico ocupa el decimoquinto lugar mundial en n\u00famero de contagios y el cuarto puesto como el pa\u00eds con m\u00e1s decesos por la pandemia, detr\u00e1s de Estados Unidos, Brasil y la India, seg\u00fan la Universidad estadounidense Johns Hopkins.\u00a0<br><br><strong>Vacunaci\u00f3n en M\u00e9xico<br><\/strong><br>Respecto a los detalles del\u00a0plan de vacunaci\u00f3n, el subsecretario de Prevenci\u00f3n y Promoci\u00f3n de la Salud, Hugo L\u00f3pez-Gatell, a trav\u00e9s de Twitter inform\u00f3 que al corte de las 21:00 horas del lunes, a nivel nacional fueron aplicadas 280 mil 400 dosis de la\u00a0vacuna contra Covid-19.<br><br>Inform\u00f3 adem\u00e1s, que desde el inicio de la estrategia nacional de vacunaci\u00f3n se han aplicado en total 37 millones 803 mil 462 dosis.<\/p>\n","protected":false},"excerpt":{"rendered":"<p>Al corte de este martes 15 de junio, M\u00e9xico acumul\u00f3 230 mil 424 muertes por\u00a0Covid-19 informaron\u00a0autoridades sanitarias. Asimismo, se detall\u00f3 que el pa\u00eds ha sumado 4 mil 250 contagios, para dar un total de 2 millones 459 mil 601 de casos confirmados. Con estas cifras, M\u00e9xico ocupa el decimoquinto lugar mundial en n\u00famero de contagios [&hellip;]<\/p>\n","protected":false},"author":81,"featured_media":165643,"comment_status":"closed","ping_status":"open","sticky":false,"template":"","format":"standard","meta":{"footnotes":""},"categories":[15,36],"tags":[],"class_list":["post-168114","post","type-post","status-publish","format-standard","has-post-thumbnail","hentry","category-destacadas","category-nacion"],"_links":{"self":[{"href":"https:\/\/plazajuarez.mx\/historico\/wp-json\/wp\/v2\/posts\/168114","targetHints":{"allow":["GET"]}}],"collection":[{"href":"https:\/\/plazajuarez.mx\/historico\/wp-json\/wp\/v2\/posts"}],"about":[{"href":"https:\/\/plazajuarez.mx\/historico\/wp-json\/wp\/v2\/types\/post"}],"author":[{"embeddable":true,"href":"https:\/\/plazajuarez.mx\/historico\/wp-json\/wp\/v2\/users\/81"}],"replies":[{"embeddable":true,"href":"https:\/\/plazajuarez.mx\/historico\/wp-json\/wp\/v2\/comments?post=168114"}],"version-history":[{"count":0,"href":"https:\/\/plazajuarez.mx\/historico\/wp-json\/wp\/v2\/posts\/168114\/revisions"}],"wp:featuredmedia":[{"embeddable":true,"href":"https:\/\/plazajuarez.mx\/historico\/wp-json\/wp\/v2\/media\/165643"}],"wp:attachment":[{"href":"https:\/\/plazajuarez.mx\/historico\/wp-json\/wp\/v2\/media?parent=168114"}],"wp:term":[{"taxonomy":"category","embeddable":true,"href":"https:\/\/plazajuarez.mx\/historico\/wp-json\/wp\/v2\/categories?post=168114"},{"taxonomy":"post_tag","embeddable":true,"href":"https:\/\/plazajuarez.mx\/historico\/wp-json\/wp\/v2\/tags?post=168114"}],"curies":[{"name":"wp","href":"https:\/\/api.w.org\/{rel}","templated":true}]}}