{"id":168105,"date":"2021-06-15T19:57:03","date_gmt":"2021-06-16T00:57:03","guid":{"rendered":"https:\/\/plazajuarez.mx\/?p=168105"},"modified":"2021-06-15T20:27:59","modified_gmt":"2021-06-16T01:27:59","slug":"fallece-leonardo-hernandez-victima-enfrentamiento","status":"publish","type":"post","link":"https:\/\/plazajuarez.mx\/historico\/fallece-leonardo-hernandez-victima-enfrentamiento\/","title":{"rendered":"Fallece Leobardo Hern\u00e1ndez, v\u00edctima del enfrentamiento entre pobladores de Xuchitlan y polic\u00edas estatales"},"content":{"rendered":"\n<p>Leonardo Hern\u00e1ndez Regino, falleci\u00f3 esta tarde, luego de varios d\u00edas de estar hospitalizado en terapia intensiva, quien fuera v\u00edctima del enfrentamiento entre pobladores de Xuchitlan y polic\u00edas estatales.<\/p>\n\n\n\n<p>Resultado de la lesi\u00f3n en el rostro, que le provoc\u00f3 una fractura de cr\u00e1neo, presuntamente causada por la polic\u00eda estatal, se mantuvo durante varios d\u00edas en estado cr\u00edtico; sin embargo esta tarde se confirm\u00f3 su muerte.<\/p>\n\n\n\n<p>Pobladores de la comunidad, lamentaron la muerte del joven y se alistan para el d\u00eda de ma\u00f1ana las actividades luctuosas, asimismo las nuevas protestas para exigir justicia por su muerte.<\/p>\n\n\n\n<p><strong>TRAS EL FALLECIMIENTO, GOBIERNO EMITE COMUNICADO <\/strong><\/p>\n\n\n\n<p>Por su parte, el Gobierno del Estado de Hidalgo inform\u00f3 que el joven de 29 a\u00f1os, hab\u00eda estado hospitalizado en el Hospital General de Pachuca desde el pasado 1\u00b0 de junio del presente a\u00f1o.<br><br>Y agreg\u00f3 el siguiente comunicado: &#8220;El hoy occiso recibi\u00f3 atenci\u00f3n m\u00e9dica por personal de la Secretar\u00eda de Salud de la entidad debido a una lesi\u00f3n contundente de cr\u00e1neo y en la parte superior del macizo facial, problema que amerit\u00f3 cirug\u00eda de urgencia, con la finalidad de contener la alteraci\u00f3n hemorr\u00e1gica concomitante al traumatismo. <br><br>Durante la primera cirug\u00eda se le encontr\u00f3 lesi\u00f3n de los huesos propios de ambas \u00f3rbitas, as\u00ed como hemorragia localizada hacia la porci\u00f3n del enc\u00e9falo. Tambi\u00e9n se hizo evidente y asociado al propio traumatismo, la presencia de edema cerebral.<br><br>El paciente sali\u00f3 de ese primer procedimiento una vez que se resolvieron los problemas previamente descritos. Fue internado en el \u00e1rea de Terapia Intensiva, con el objeto de reducir la sintomatolog\u00eda neurol\u00f3gica asociada al edema cerebral, en donde se mantuvo estable, por lo que se decide reintervenir en un segundo tiempo, a fin de proceder a la reconstrucci\u00f3n de las regiones orbitarias y parte del macizo facial.<br><br>De este esta segunda intervenci\u00f3n el paciente es egresado satisfactoriamente del quir\u00f3fano y se le env\u00eda nuevamente a la unidad de Terapia Intensiva.<br><br>El d\u00eda de hoy se detectaron datos de aumento de la presi\u00f3n endocraneana, por lo que se procedi\u00f3 a resolver dicha situaci\u00f3n. Desgraciadamente, present\u00f3 deterioro de condiciones generales, hasta presentar paro cardiorrespiratorio, el cual ya no fue posible revertir.<br><br>Desde el inicio de su internamiento las subdirecciones M\u00e9dica y Administrativa respectivamente, le dieron seguimiento oportuno a su estado de salud y necesidades en cuanto a medicamentos, insumos y material gastable de forma gratuita.<br><br>Durante su estancia hospitalaria, el director del Hospital General de Pachuca brind\u00f3 informes m\u00e9dicos a los padres del ahora finado, cada 12 horas, o en caso de eventualidad.<br><br>Se dio puntual seguimiento a la evoluci\u00f3n del paciente desde su ingreso, durante su estancia y en los procedimientos quir\u00fargicos y se proporcion\u00f3 todas las facilidades a los familiares directos, a efecto de que pudieran estar pendientes de \u00e9l, las 24 horas del d\u00eda, ofert\u00e1ndole a la familia alimentaci\u00f3n y hospedaje.<br><br>Este infortunado hecho ha obligado al gobierno estatal a reenfocar la acci\u00f3n policial, misma que garantice el resguardo irrestricto de los derechos humanos y, con ello, evitar hechos lamentables como el que vivi\u00f3 la sociedad hidalguense.<br><br>Como parte del compromiso gubernamental tanto con familiares y con la sociedad, continuar\u00e1n los trabajos institucionales para reparar el da\u00f1o a v\u00edctima conforme lo establece el marco legal&#8221;.<\/p>\n\n\n\n<p><strong>PGJH ANUNCIA QUE AHORA EL DELITO ES HOMICIDIO CULPOSO<br><\/strong><br>De la misma forma, la Procuradur\u00eda General de Justicia del estado de Hidalgo recibi\u00f3 del Hospital General de Pachuca notificaci\u00f3n mediante la que se conoci\u00f3 del fallecimiento de una persona de identidad reservada bajo las iniciales L. H. R., quien en una carpeta de investigaci\u00f3n por lesiones y lo que resulte tiene la calidad de agraviado.<br><br>En consecuencia, el Ministerio P\u00fablico ha reclasificado el delito, ahora las indagatorias contra un agente de la polic\u00eda estatal de identidad reservada con las iniciales A. B. R., contin\u00faan por homicidio culposo.<br><br>La investigaci\u00f3n deriva de hechos ocurridos 01 de junio de 2021 en las inmediaciones del palacio de gobierno estatal, en donde se desarrollaba una manifestaci\u00f3n de habitantes de San Salvador.<br><br>El probable permanece vinculado a proceso y con las siguientes medidas cautelares impuestas por la autoridad judicial: dispositivo electr\u00f3nico, prohibici\u00f3n de salir del pa\u00eds, presentaci\u00f3n mensual en la Unidad de Medidas Cautelares, vigilancia, prohibici\u00f3n de acudir al trabajo, as\u00ed como a domicilios particulares de sus compa\u00f1eros y suspensi\u00f3n temporal del cargo.<\/p>\n","protected":false},"excerpt":{"rendered":"<p>Leonardo Hern\u00e1ndez Regino, falleci\u00f3 esta tarde, luego de varios d\u00edas de estar hospitalizado en terapia intensiva, quien fuera v\u00edctima del enfrentamiento entre pobladores de Xuchitlan y polic\u00edas estatales. Resultado de la lesi\u00f3n en el rostro, que le provoc\u00f3 una fractura de cr\u00e1neo, presuntamente causada por la polic\u00eda estatal, se mantuvo durante varios d\u00edas en estado [&hellip;]<\/p>\n","protected":false},"author":93,"featured_media":168106,"comment_status":"closed","ping_status":"open","sticky":false,"template":"","format":"standard","meta":{"footnotes":""},"categories":[15,40],"tags":[],"class_list":["post-168105","post","type-post","status-publish","format-standard","has-post-thumbnail","hentry","category-destacadas","category-region"],"_links":{"self":[{"href":"https:\/\/plazajuarez.mx\/historico\/wp-json\/wp\/v2\/posts\/168105","targetHints":{"allow":["GET"]}}],"collection":[{"href":"https:\/\/plazajuarez.mx\/historico\/wp-json\/wp\/v2\/posts"}],"about":[{"href":"https:\/\/plazajuarez.mx\/historico\/wp-json\/wp\/v2\/types\/post"}],"author":[{"embeddable":true,"href":"https:\/\/plazajuarez.mx\/historico\/wp-json\/wp\/v2\/users\/93"}],"replies":[{"embeddable":true,"href":"https:\/\/plazajuarez.mx\/historico\/wp-json\/wp\/v2\/comments?post=168105"}],"version-history":[{"count":0,"href":"https:\/\/plazajuarez.mx\/historico\/wp-json\/wp\/v2\/posts\/168105\/revisions"}],"wp:featuredmedia":[{"embeddable":true,"href":"https:\/\/plazajuarez.mx\/historico\/wp-json\/wp\/v2\/media\/168106"}],"wp:attachment":[{"href":"https:\/\/plazajuarez.mx\/historico\/wp-json\/wp\/v2\/media?parent=168105"}],"wp:term":[{"taxonomy":"category","embeddable":true,"href":"https:\/\/plazajuarez.mx\/historico\/wp-json\/wp\/v2\/categories?post=168105"},{"taxonomy":"post_tag","embeddable":true,"href":"https:\/\/plazajuarez.mx\/historico\/wp-json\/wp\/v2\/tags?post=168105"}],"curies":[{"name":"wp","href":"https:\/\/api.w.org\/{rel}","templated":true}]}}