{"id":16769,"date":"2016-02-05T12:30:23","date_gmt":"2016-02-05T12:30:23","guid":{"rendered":"http:\/\/plazajuarez.mx\/index\/index.php\/2016\/02\/05\/tiroteo-en-tepito-deja-un-muerto-y-tres-heridos\/"},"modified":"2016-02-05T12:30:23","modified_gmt":"2016-02-05T12:30:23","slug":"tiroteo-en-tepito-deja-un-muerto-y-tres-heridos","status":"publish","type":"post","link":"https:\/\/plazajuarez.mx\/historico\/tiroteo-en-tepito-deja-un-muerto-y-tres-heridos\/","title":{"rendered":"TIROTEO EN TEPITO DEJA UN MUERTO Y TRES HERIDOS"},"content":{"rendered":"<p>DELEGACI\u00d3N CUAUHT\u00c9MOC<\/p>\n<p>Uno de los hombres que estaba en un auto, sac\u00f3 de entre sus ropas un arma y comenz\u00f3 a disparar; en el lugar falleci\u00f3 un hombre por herida de bala en el t\u00f3rax, y dos personas m\u00e1s resultaron lesionadas<\/p>\n<p>CIUDAD DE M\u00c9XICO \/ Plaza Ju\u00e1rez<\/p>\n<p>  <!--more-->  <\/p>\n<p>\u00a0<\/p>\n<p>Una persona perdi\u00f3 la vida y tres m\u00e1s resultaron lesionados, durante una ri\u00f1a que se registr\u00f3 la noche del mi\u00e9rcoles en calles de la colonia Morelos, en la delegaci\u00f3n Cuauht\u00e9moc.<\/p>\n<p>La pelea comenz\u00f3 en la calle Jes\u00fas Carranza y Pe\u00f1\u00f3n, en la colonia Morelos, donde se concentraban un grupo de hombres y otros sujetos se acercaron a bordo de un veh\u00edculo, comenzaron a discutir en tono agresivo.<\/p>\n<p>Uno de los hombres que estaba en el auto sac\u00f3 de entre sus ropas un arma y comenz\u00f3 a disparar. En el lugar falleci\u00f3 un hombre por herida de bala en el t\u00f3rax, y dos personas m\u00e1s resultaron lesionadas.<\/p>\n<p>Tras la discusi\u00f3n, los sujetos del veh\u00edculo intentaron darse a la fuga arrollando a una persona. De inmediato los cuatro hombres dejaron abandonado el coche sobre la calle de Panaderos y corrieron hacia tres inmuebles de la zona.<\/p>\n<p>Polic\u00edas de la Secretar\u00eda de Seguridad P\u00fablica (SSP), detuvieron a un hombre, mismo que fue trasladado a la agencia del ministerio p\u00fablico donde se le fincar\u00e1n o deslindar\u00e1n responsabilidad en los hechos.<\/p>\n<p>La primera v\u00edctima, de 25 a\u00f1os de edad, fue trasladada con dos heridas de bala en la cabeza, al hospital de la Cruz Roja de Polanco, donde muri\u00f3; mientras que una mujer de 20 a\u00f1os y un menor de 15, fueron ingresados a un nosocomio capitalino con heridas de bala en un tobillo y en la rodilla, respectivamente.<\/p>\n","protected":false},"excerpt":{"rendered":"<p>DELEGACI\u00d3N CUAUHT\u00c9MOC Uno de los hombres que estaba en un auto, sac\u00f3 de entre sus ropas un arma y comenz\u00f3 a disparar; en el lugar falleci\u00f3 un hombre por herida de bala en el t\u00f3rax, y dos personas m\u00e1s resultaron lesionadas CIUDAD DE M\u00c9XICO \/ Plaza Ju\u00e1rez<\/p>\n","protected":false},"author":93,"featured_media":0,"comment_status":"open","ping_status":"open","sticky":false,"template":"","format":"standard","meta":{"footnotes":""},"categories":[37],"tags":[],"class_list":["post-16769","post","type-post","status-publish","format-standard","hentry","category-barandilla"],"_links":{"self":[{"href":"https:\/\/plazajuarez.mx\/historico\/wp-json\/wp\/v2\/posts\/16769","targetHints":{"allow":["GET"]}}],"collection":[{"href":"https:\/\/plazajuarez.mx\/historico\/wp-json\/wp\/v2\/posts"}],"about":[{"href":"https:\/\/plazajuarez.mx\/historico\/wp-json\/wp\/v2\/types\/post"}],"author":[{"embeddable":true,"href":"https:\/\/plazajuarez.mx\/historico\/wp-json\/wp\/v2\/users\/93"}],"replies":[{"embeddable":true,"href":"https:\/\/plazajuarez.mx\/historico\/wp-json\/wp\/v2\/comments?post=16769"}],"version-history":[{"count":0,"href":"https:\/\/plazajuarez.mx\/historico\/wp-json\/wp\/v2\/posts\/16769\/revisions"}],"wp:attachment":[{"href":"https:\/\/plazajuarez.mx\/historico\/wp-json\/wp\/v2\/media?parent=16769"}],"wp:term":[{"taxonomy":"category","embeddable":true,"href":"https:\/\/plazajuarez.mx\/historico\/wp-json\/wp\/v2\/categories?post=16769"},{"taxonomy":"post_tag","embeddable":true,"href":"https:\/\/plazajuarez.mx\/historico\/wp-json\/wp\/v2\/tags?post=16769"}],"curies":[{"name":"wp","href":"https:\/\/api.w.org\/{rel}","templated":true}]}}