{"id":16761,"date":"2016-02-05T12:25:10","date_gmt":"2016-02-05T12:25:10","guid":{"rendered":"http:\/\/plazajuarez.mx\/index\/index.php\/2016\/02\/05\/yo-no-tengo-adversarios-omar-fayad-meneses\/"},"modified":"2016-02-05T12:25:10","modified_gmt":"2016-02-05T12:25:10","slug":"yo-no-tengo-adversarios-omar-fayad-meneses","status":"publish","type":"post","link":"https:\/\/plazajuarez.mx\/historico\/yo-no-tengo-adversarios-omar-fayad-meneses\/","title":{"rendered":"\u201cYo no tengo adversarios\u201d:  Omar Fayad Meneses"},"content":{"rendered":"<p>Se\u00f1al\u00f3 que de ninguna forma ve a los candidatos de la oposici\u00f3n como sus adversarios, por el contrario asever\u00f3 \u201cson mis amigos\u201d<\/p>\n<p>  <!--more-->  <\/p>\n<p>\u00a0<\/p>\n<p>Tras haber realizado su registro como \u00fanico aspirante a la candidatura a la gubernatura por el Partido Revolucionario Institucional (PRI), Omar Fayad Meneses, envuelto entre la multitud que buscaba tener su saludo, se\u00f1al\u00f3 que de ninguna forma ve a los candidatos de la oposici\u00f3n como sus adversarios, por el contrario asever\u00f3 \u201cson mis amigos, Omar Fayad es amigo de todos\u201d.<\/p>\n<p>\u00a0<\/p>\n<p>El que ser\u00e1 ratificado hoy como el candidato del PRI para la contienda electoral 2016, se\u00f1al\u00f3 que a Francisco Xavier Berganza Escorza, candidato a la gubernatura por el Partido Acci\u00f3n Nacional (PAN), lo ve como amigo, al igual que a los dos personajes que contin\u00faan la contienda interna dentro del Partido de la Revoluci\u00f3n Democr\u00e1tica (PRD), Isidro Pedraza Ch\u00e1vez y Jos\u00e9 Guadarrama M\u00e1rquez.<\/p>\n<p>\u00a0<\/p>\n<p>\u201cNo son adversarios, son mis amigos, a Paco (Francisco Xavier) lo conozco desde hace muchos a\u00f1os, ha sido compa\u00f1ero de partido y amigo, es gente con la que he convivido y compartido, jam\u00e1s lo ver\u00e9 como enemigo, y como contendiente lo respeto y felicito su candidatura\u201d, dijo.<\/p>\n<p>\u00a0<\/p>\n<p>Y agreg\u00f3: \u201ca Isidro y a Jos\u00e9 Guadarrama, nada m\u00e1s me espero a que resuelvan el proceso interno del PRD, les deseo que en el proceso interno de su partido salgan muy fortalecidos y ojal\u00e1 puedan llegar a un momento en que juntos construyan su posibilidad, sin meterme yo en el proceso del PRD\u201d.<\/p>\n<p>\u00a0<\/p>\n<p>De igual forma les\u00a0\u00a0reconoci\u00f3 \u201csu val\u00eda, su curr\u00edcula, su lucha, pero hoy estamos en distintos partidos y en la contienda por una gubernatura que debe ser para beneficio de todos y cada uno de los hidalguenses\u201d.<\/p>\n<p>\u00a0<\/p>\n<p>Por su parte, se\u00f1al\u00f3 estar muy contento con \u201clas muestras de afecto y cari\u00f1o\u201d, que le dio la gente al recibirlo ayer en las instalaciones del PRI estatal, por lo que asegur\u00f3 que el tricolor ha salido fortalecido con su candidatura, ya que se sumaron todos los aspirantes, militantes y dirigentes de las distintas organizaciones que apoyan su proyecto.<\/p>\n<p>\u00a0<\/p>\n<p>Finalmente y tras la ausencia del mandatario estatal, Francisco Olvera Ruiz, y del secretario de Gobernaci\u00f3n del gobierno federal,\u00a0\u00a0Miguel \u00c1ngel Osorio Chong, Fayad Meneses asegur\u00f3 que \u201cson dos activos importantes, pri\u00edstas distinguidos.\u00a0Por sus responsabilidad ser\u00eda dif\u00edcil que acudieran al registro pero ambos estar\u00e1n invitados a cuando el partido concluya el proceso interno y me tome protesta como candidato\u201d, concluy\u00f3.<\/p>\n<p>Cabe destacar que Fayad Meneses conmin\u00f3 a la militancia a que lo acompa\u00f1en durante la campa\u00f1a, a que \u201clo inviten a recorrer el estado\u201d, en el toque de puertas para la presentaci\u00f3n de su propuesta como candidato, en la contienda en la que el PRI ir\u00e1 acompa\u00f1ado del Partido Verde Ecologista de M\u00e9xico (PVEM) y el Partido Nueva Alianza (PNA).<\/p>\n<p>\u00a0<\/p>\n<p>\u00a0<\/p>\n<p>SE\u00d1AL\u00d3 ESTAR MUY CONTENTO<\/p>\n<p>CON \u201cLAS MUESTRAS DE AFECTO<\/p>\n<p>Y CARI\u00d1O\u201d, QUE LE DIO LA GENTE<\/p>\n<p>AL RECIBIRLO AYER EN LAS<\/p>\n<p>INSTALACIONES DEL PRI ESTATAL,<\/p>\n<p>POR LO QUE ASEGUR\u00d3 QUE EL<\/p>\n<p>TRICOLOR HA SALIDO FORTALECIDO<\/p>\n<p>CON SU CANDIDATURA<\/p>\n","protected":false},"excerpt":{"rendered":"<p>Se\u00f1al\u00f3 que de ninguna forma ve a los candidatos de la oposici\u00f3n como sus adversarios, por el contrario asever\u00f3 \u201cson mis amigos\u201d<\/p>\n","protected":false},"author":93,"featured_media":0,"comment_status":"open","ping_status":"open","sticky":false,"template":"","format":"standard","meta":{"footnotes":""},"categories":[59],"tags":[],"class_list":["post-16761","post","type-post","status-publish","format-standard","hentry","category-general"],"_links":{"self":[{"href":"https:\/\/plazajuarez.mx\/historico\/wp-json\/wp\/v2\/posts\/16761","targetHints":{"allow":["GET"]}}],"collection":[{"href":"https:\/\/plazajuarez.mx\/historico\/wp-json\/wp\/v2\/posts"}],"about":[{"href":"https:\/\/plazajuarez.mx\/historico\/wp-json\/wp\/v2\/types\/post"}],"author":[{"embeddable":true,"href":"https:\/\/plazajuarez.mx\/historico\/wp-json\/wp\/v2\/users\/93"}],"replies":[{"embeddable":true,"href":"https:\/\/plazajuarez.mx\/historico\/wp-json\/wp\/v2\/comments?post=16761"}],"version-history":[{"count":0,"href":"https:\/\/plazajuarez.mx\/historico\/wp-json\/wp\/v2\/posts\/16761\/revisions"}],"wp:attachment":[{"href":"https:\/\/plazajuarez.mx\/historico\/wp-json\/wp\/v2\/media?parent=16761"}],"wp:term":[{"taxonomy":"category","embeddable":true,"href":"https:\/\/plazajuarez.mx\/historico\/wp-json\/wp\/v2\/categories?post=16761"},{"taxonomy":"post_tag","embeddable":true,"href":"https:\/\/plazajuarez.mx\/historico\/wp-json\/wp\/v2\/tags?post=16761"}],"curies":[{"name":"wp","href":"https:\/\/api.w.org\/{rel}","templated":true}]}}