{"id":16760,"date":"2016-02-05T12:25:09","date_gmt":"2016-02-05T12:25:09","guid":{"rendered":"http:\/\/plazajuarez.mx\/index\/index.php\/2016\/02\/05\/arropado-con-ex-aspirantes-familia-piristas-y-amigos-omar-se-registro\/"},"modified":"2016-02-05T12:25:09","modified_gmt":"2016-02-05T12:25:09","slug":"arropado-con-ex-aspirantes-familia-piristas-y-amigos-omar-se-registro","status":"publish","type":"post","link":"https:\/\/plazajuarez.mx\/historico\/arropado-con-ex-aspirantes-familia-piristas-y-amigos-omar-se-registro\/","title":{"rendered":"Arropado con ex aspirantes,  familia, pir\u00edstas y amigos,  Omar se registr\u00f3"},"content":{"rendered":"<p>Con sol fr\u00edo, todos trataban de verlo y saludarlo; \u00e9l se convirti\u00f3 en candidato de unidad del PRI<\/p>\n<p>  <!--more-->  <\/p>\n<p>\u00a0<\/p>\n<p>Eran alrededor de las 12 horas, y la sede del Partido Revolucionario Institucional (PRI) ya registraba un gran movimiento en su interior, poco a poco con el transcurrir de las horas la gente comenz\u00f3 a llegar. El motivo era el registro de la \u00fanica candidatura a la gubernatura por el tricolor, el ex senador de la Rep\u00fablica, Omar Fayad Meneses.<\/p>\n<p>Mientras el sol trataba de calentar el g\u00e9lido aire de Pachuca, la intensa movilizaci\u00f3n de gente que acudi\u00f3 de todas las regiones del estado, buscaba el mejor lugar para ver y saludar al que tras la ratificaci\u00f3n de ayer se convertir\u00e1 oficialmente en el candidato del tricolor; eran las 15:00 horas y la sede del PRI estaba abarrotada de gente que vest\u00eda el emblem\u00e1tico color rojo.<\/p>\n<p>Con pancartas, cartulinas, panfletos de lona, o bien con trompetas y batucada, la gente continuaba a la espera de Fayad Meneses, en tanto dentro de las oficinas, la movilizaci\u00f3n era constante, poco a poco l\u00edderes de la estructura y organizaciones comenzaban a llegar.<\/p>\n<p>Fue poco despu\u00e9s de las 16:30 horas cuando los rostros de los ex aspirantes a la gubernatura pudieron mostrarse en el estrado, mientras tanto, abajo entre la gente, rostros de distintos funcionarios, diputados locales y federales pod\u00edan verse.<\/p>\n<p>En tanto la prensa permanec\u00eda encapsulada dentro del s\u00f3tano del partido tricolor, en donde personal del partido se negaba rotundamente a querer abrir las puertas para que los representantes de los medios locales pudieran acceder hasta el estrado, donde m\u00e1s tarde la dirigencia estatal, encabezada por Alberto Mel\u00e9ndez Apodaca, recibir\u00eda todos los documentos y requisitos para que Omar Fayad Meneses se convierta en candidato.<\/p>\n<p>Pasados unos minutos la puerta fue abierta, sin embargo la multitud que acompa\u00f1\u00f3 al \u201ccandidato de unidad\u201d conformaba una barrera casi impenetrable, desde una distancia considerable, las enormes pantallas colocadas alrededor del estacionamiento del PRI, dejaban ver todo el acto protocolario.<\/p>\n<p>Al hacer uso de la voz, Fayad Meneses agradeci\u00f3 a cada uno de los ex aspirantes a la candidatura (Nuvia Mayorga, David Penchyna, Carolina Viggiano, Jos\u00e9 Antonio Rojo, y Fernando Moctezuma), y dijo sentirse cobijado y respaldado, de igual forma record\u00f3 c\u00f3mo en contiendas similares anteriores, \u00e9l estuvo en el mismo lugar, \u201crespaldando las candidaturas de dos hombres, pri\u00edstas emblem\u00e1ticos y honorables\u201d, el actual secretario de Gobernaci\u00f3n, Miguel \u00c1ngel Osorio Chong y el actual gobernador Francisco Olvera Ruiz, a quienes reconoci\u00f3 su entrega y trabajo realizado durante sus mandatos.<\/p>\n<p>Asimismo agradeci\u00f3 el respaldo de la dirigencia estatal, as\u00ed como la representaci\u00f3n de la dirigencia nacional en presencia de Alejandro Canek V\u00e1zquez G\u00f3ngora, y la de todos los militantes que lo acompa\u00f1aron; no falt\u00f3 la presencia de su esposa e hijos, as\u00ed como la madre de Fayad Meneses.<\/p>\n<p>Tras el discurso, mientras la prensa intentaba abrirse camino para entrevistarlo, por detr\u00e1s del estrado salieron los pol\u00edticos que acompa\u00f1aron a Omar Fayad, porque \u00e9l sali\u00f3 por la parte de enfrente, entre remolinos de gente que se acercaban para saludarlo, felicitarlo, sin que faltara el que buscaba la <em>selfie<\/em> con el \u00fanico registro a la candidatura tricolor.<\/p>\n<p>Cabe destacar que unas horas antes, hab\u00eda presentado su renuncia ante el senado de la Rep\u00fablica, para dejar en su curul al l\u00edder de la Confederaci\u00f3n de Trabajadores de M\u00e9xico (CTM) y suplente, Jes\u00fas Priego Calva.<\/p>\n<p>As\u00ed pasadas las 19 horas, la marejada de gente vestida del color rojo se dispers\u00f3 para llevar la noticia hasta sus comunidades; hoy se ratificar\u00e1 como candidato de unidad a la gubernatura del estado de Hidalgo a Omar Fayad Meneses.<\/p>\n<p>\u00a0<\/p>\n<p>\u00a0<\/p>\n<p>FAYAD MENESES AGRADECI\u00d3 A<\/p>\n<p>CADA UNO DE LOS EX ASPIRANTES<\/p>\n<p>A LA CANDIDATURA (NUVIA MAYORGA,<\/p>\n<p>DAVID PENCHYNA, CAROLINA VIGGIANO,<\/p>\n<p>JOS\u00c9 ANTONIO ROJO, Y FERNANDO<\/p>\n<p>MOCTEZUMA), Y DIJO SENTIRSE COBIJADO<\/p>\n<p>Y RESPALDADO<\/p>\n","protected":false},"excerpt":{"rendered":"<p>Con sol fr\u00edo, todos trataban de verlo y saludarlo; \u00e9l se convirti\u00f3 en candidato de unidad del PRI<\/p>\n","protected":false},"author":93,"featured_media":0,"comment_status":"open","ping_status":"open","sticky":false,"template":"","format":"standard","meta":{"footnotes":""},"categories":[59],"tags":[],"class_list":["post-16760","post","type-post","status-publish","format-standard","hentry","category-general"],"_links":{"self":[{"href":"https:\/\/plazajuarez.mx\/historico\/wp-json\/wp\/v2\/posts\/16760","targetHints":{"allow":["GET"]}}],"collection":[{"href":"https:\/\/plazajuarez.mx\/historico\/wp-json\/wp\/v2\/posts"}],"about":[{"href":"https:\/\/plazajuarez.mx\/historico\/wp-json\/wp\/v2\/types\/post"}],"author":[{"embeddable":true,"href":"https:\/\/plazajuarez.mx\/historico\/wp-json\/wp\/v2\/users\/93"}],"replies":[{"embeddable":true,"href":"https:\/\/plazajuarez.mx\/historico\/wp-json\/wp\/v2\/comments?post=16760"}],"version-history":[{"count":0,"href":"https:\/\/plazajuarez.mx\/historico\/wp-json\/wp\/v2\/posts\/16760\/revisions"}],"wp:attachment":[{"href":"https:\/\/plazajuarez.mx\/historico\/wp-json\/wp\/v2\/media?parent=16760"}],"wp:term":[{"taxonomy":"category","embeddable":true,"href":"https:\/\/plazajuarez.mx\/historico\/wp-json\/wp\/v2\/categories?post=16760"},{"taxonomy":"post_tag","embeddable":true,"href":"https:\/\/plazajuarez.mx\/historico\/wp-json\/wp\/v2\/tags?post=16760"}],"curies":[{"name":"wp","href":"https:\/\/api.w.org\/{rel}","templated":true}]}}