{"id":16759,"date":"2016-02-05T12:25:07","date_gmt":"2016-02-05T12:25:07","guid":{"rendered":"http:\/\/plazajuarez.mx\/index\/index.php\/2016\/02\/05\/no-voy-a-cambiar-seguire-siendo-igual-omar-fayad\/"},"modified":"2016-02-05T12:25:07","modified_gmt":"2016-02-05T12:25:07","slug":"no-voy-a-cambiar-seguire-siendo-igual-omar-fayad","status":"publish","type":"post","link":"https:\/\/plazajuarez.mx\/historico\/no-voy-a-cambiar-seguire-siendo-igual-omar-fayad\/","title":{"rendered":"\u201cNO VOY A CAMBIAR; SEGUIR\u00c9  SIENDO IGUAL\u201d : OMAR FAYAD"},"content":{"rendered":"<p>*Mi admiraci\u00f3n y gratitud para los cinco aspirantes que buscaron la candidatura por su lealtad<\/p>\n<p>*Cuando empe\u00f1o mi palabra la cumplo<\/p>\n<p>*\u00bfQu\u00e9 haces aqu\u00ed? Me dijo Osorio, despu\u00e9s me felicit\u00f3<\/p>\n<p>*Pasada la medianoche despert\u00e9 a mi mujer para darle la noticia de que era Yo el elegido para la candidatura y le dio mucha alegr\u00eda<\/p>\n<p>  <!--more-->  <\/p>\n<p>\u00a0<\/p>\n<p>El d\u00eda de ayer a las 15 horas con 5 minutos, unas 2 horas y minutos antes de su registro como candidato de unidad del PRI, el entonces senador con licencia OMAR FAYAD MENESES concedi\u00f3 una entrevista al noticiero AL AIRE que conduce nuestro Subdirector de Operaciones en Diario Plaza Ju\u00e1rez, Adalberto Peralta. Se la presentamos convencidos de que es un documento que vale la pena leer.<\/p>\n<p><strong>SENTIMIENTOS ENCONTRADOS<\/strong><\/p>\n<p><strong>Plaza Ju\u00e1rez<\/strong>: A unas horas de tu registro cu\u00e1les son los sentimientos que tienes Omar?<\/p>\n<p><strong>Omar Fayad:<\/strong> Muy contento, emocionado, muy entusiasmado. En la ma\u00f1ana tenia sentimientos encontrados, amigas y amigos que nos escuchan, acud\u00ed al Senado de la Rep\u00fablica como hago todos los martes y jueves y despu\u00e9s de la reuni\u00f3n del grupo parlamentario del PRI me entraron los sentimientos encontrados porque estaban todas las compa\u00f1eras y compa\u00f1eros del pa\u00eds y me di cuenta que era la \u00faltima reuni\u00f3n a la que asist\u00eda como Senador. Me despidieron, la verdad, con mucho cari\u00f1o y afecto, el l\u00edder Emilio Gamboa condujo la reuni\u00f3n previa y despu\u00e9s pasamos corriendo pues ya se estaba turnando para su discusi\u00f3n mi solicitud de licencia por tiempo indeterminado para poder ser aspirante a la candidatura de gobernador y tambi\u00e9n en el pleno con mucho cari\u00f1o fueron palabras muy bonitas, tanto el l\u00edder del PAN, como bellas palabras de los coordinadores del PRI y del verde, me abrazaban mis compa\u00f1eras y compa\u00f1eros. Siempre tuve pasi\u00f3n por el trabajo como senador, present\u00e9 53 iniciativas, me aprobaron iniciativas en el Congreso de la Uni\u00f3n, traigo mucho cari\u00f1o y mucho entusiasmo, los temas y las causas por las que he luchado y que logr\u00e9 consolidar afortunadamente y me vino la nostalgia,<\/p>\n<p>\u00a0<\/p>\n<p>Incluso, f\u00edjate, hoy era la comisi\u00f3n bicameral de Seguridad Nacional y recibimos a nuestro amigo y al ex gobernador Osorio Chong, a la procuradora Arely G\u00f3mez, todav\u00eda me toc\u00f3 como \u00faltimo d\u00eda pues una serie de actividades singulares por lo que te digo que me entraron sentimientos encontrados, pero ya bueno inmediatamente despu\u00e9s tuve que hacer los tr\u00e1mites necesarios.<\/p>\n<p>Ya he pedido licencia ,entonces tu servidor Omar Fayad es Senador con licencia o ya me puedes decir con toda confianza de aqu\u00ed hasta ma\u00f1ana que hoy ya ni soy senador ni soy a\u00fan precandidato hasta que el partido lo determine en las instancias legales necesarias soy un ciudadano m\u00e1s con una gran aspiraci\u00f3n y un gran entusiasmo por poder a llegar a tener la oportunidad de servir a los hidalguenses.<\/p>\n<p>\u00a0<\/p>\n<p><strong>PJ:<\/strong> Oye Omar, vaya que s\u00ed te van a extra\u00f1ar en la C\u00e1mara de Senadores donde eras una voz que sembraba tempestades, presidente de una de las comisiones m\u00e1s importantes<\/p>\n<p>\u00a0<\/p>\n<p><strong>OF:<\/strong> Le he entrado a los temas controvertidos, Yo creo que nunca hay que huirle ni esconderse de los temas, hay que tomarlos de frente, al toro hay que tomarlo por los cuernos, hay que hacer las cosas como uno las siente y las piensas y as\u00ed decirlo con las iniciativas que present\u00e9 al Senado de la Rep\u00fablica.<\/p>\n<p>\u00a0<\/p>\n<p><strong>\u00bfQU\u00c9 HACES AQU\u00cd? LE PREGUNT\u00d3 OSORIO <\/strong><\/p>\n<p><strong>PJ<\/strong>: \u00bfQu\u00e9 te dijo el Lic. Osorio, una figura pol\u00edtica importante en nuestro estado y ni se diga a nivel nacional en relaci\u00f3n con esta decisi\u00f3n del PRI y de la cual \u00e9l seguramente no es ajeno<\/p>\n<p>\u00a0<\/p>\n<p><strong>OF<\/strong>: Bueno me felicit\u00f3, lo primero que me dijo: \u00bfqu\u00e9 haces aqu\u00ed? Y yo le contest\u00e9 quetodav\u00eda no procesaban mi licencia, entonces nos re\u00edmos, me hizo el favor de felicitarme; la Procuradora tambi\u00e9n me felicit\u00f3 y pues me dijeron que ten\u00eda todo un camino que recorrer por delante que le echara muchas ganas y que le pusiera toda la intenci\u00f3n, fueron palabras muy alentadoras y de entusiasmo antes de seguir con el trabajo cotidiano<\/p>\n<p>\u00a0<\/p>\n<p><strong>RECONOCIMIENTO A LOS CINCO ASPIRANTES <\/strong><\/p>\n<p>PJ: Omar, cinco aspirantes esperar\u00e1n mejores tiempos, porque t\u00fa ser\u00e1s el candidato en unas horas, \u00bfcu\u00e1l es la relaci\u00f3n con ellos?<\/p>\n<p><strong>\u00a0<\/strong><\/p>\n<p><strong>OF:<\/strong> Hemos sido compa\u00f1eros de trabajo, hemos sido amigos hemos sido compa\u00f1eros en muchos aspectos de la vida, mi consideraci\u00f3n para ellos, mi mayor reconocimiento a su militancia, a su trayectoria, a su lealtad, a sus profesiones, a sus resultados, a todo lo que han hecho a lo largo de la vida, la verdad mi m\u00e1s amplio reconocimiento; gracias a ellos, a su lealtad, a su institucionalidad, a esas mujeres y hombres que participaron en este proceso hoy me siento muy arropado por ellos y me da mucho gusto, gracias a ellos poderme convertir en candidato de unidad de militancia del PRI; para ellos mis respetos, mi admiraci\u00f3n.<\/p>\n<p>PJ: Omar \u00bfning\u00fan sentimiento?<\/p>\n<p><strong>OF<\/strong>: Me conoces muy bien, t\u00fa sabes que cuando tengo que decir algo lo digo y no me voy quedando con resentimientos en la vida; cuando uno se queda con esas cosas se amarga y sabes que no soy un hombre amargado y que al contrario soy un hombre muy serio para el trabajo.<\/p>\n<p>\u00a0<\/p>\n<p>\u00a0<\/p>\n<p><strong>NO VOY A CAMBIAR<\/strong><\/p>\n<p><strong>PJ:<\/strong> Hablando de la autoestima, tienes un estilo alegre de hacer pol\u00edtica al contrario de otros que le apuestan al rostro serio y adusto, define tu estilo de hacer pol\u00edtica Omar.<\/p>\n<p><strong>OF<\/strong>: Pues natural, soy como me ven , como me conoce la gente, as\u00ed me gusta ser a m\u00ed y lo he sido toda mi vida, espero no cambiar por ser aspirante; no me gustar\u00eda cambiar eso es lo que me ha acercado con la gente y con mis amigos, con mis compa\u00f1eros con ustedes los medios de comunicaci\u00f3n, espero cambiar cuando me vean algo negativo, por favor se\u00f1\u00e1lenmelo con toda la confianza. La parte de querer a la vida de amar vivir y convivir, no me gustar\u00eda cambiar porque me siento pleno.<\/p>\n<p>\u00a0<\/p>\n<p><strong>MANO FIRME PERO CON REFLEXI\u00d3N<\/strong><\/p>\n<p><strong>PJ:<\/strong> \u00bfMano firme o mano blanda, como entiendes el ejercicio del poder?<\/p>\n<p>\u00a0<\/p>\n<p><strong>OF:<\/strong> El ejercicio del poder significa mano firme, no mano dura. Hay que tener la firmeza necesaria para tener las decisiones adecuadas, pero tambi\u00e9n hay que tener sensibilidad de saber escuchar y creo que hay en este ejercicio que aprender a analizar ampliamente antes de tomar alguna determinaci\u00f3n<\/p>\n<p>\u00a0<\/p>\n<p><strong>CUMPLIR LA PALABRA, VITAL<\/strong><\/p>\n<p><strong>PJ:<\/strong> \u00bfQu\u00e9 tan importante es el cumplimiento de la palabra en lo que es el ejercicio del poder , lo que es esta posibilidad de encabezar algo tan importante como es el gobierno de Hidalgo, si as\u00ed lo decide el voto ciudadano?<\/p>\n<p>\u00a0<\/p>\n<p><strong>OF:<\/strong> Mira, yo creo que lo que m\u00e1s vale de uno es su palabra; creo que despu\u00e9s de tantos a\u00f1os de militancia, de constancia, de preparaci\u00f3n y de trabajo, de lealtad e institucionalidad hasta llegar a este momento, se lo debo a mi palabra. Cuando empe\u00f1o la palabra nadie te va a poder decir nunca en Hidalgo o en M\u00e9xico que le he fallado, y yo empe\u00f1o mi palabra en un acuerdo pol\u00edtico, en un consenso, en lo que sea, en la vida; cuando empe\u00f1o mi palabra lo cumplo, aunque entonces en ese cumplimiento pueda haber cuestiones adversas, sufrimiento, dolor lo que gustes y mandes yo creo que lo que m\u00e1s vale es la palabra, as\u00ed es que cuando empe\u00f1o mi palabra procuro hacer honor y compromiso a ella.<\/p>\n<p>\u00a0<\/p>\n<p><strong>PJ:<\/strong> Dos preguntas ultimas, la primera: \u00bfPor d\u00f3nde caminara Hidalgo en el sexenio que viene si el voto ciudadano hace al candidato del PRI gobernador de hidalgo?<\/p>\n<p>\u00a0<\/p>\n<p><strong>OF<\/strong>: Mira, lo que te puedo decir es que sin salirme de la ley y lo que nos establece, he recorrido Hidalgo, sus calles, comunidades, barrios la Sierra la Huasteca la Tepehua, el Valle del Mezquital, los valles de Apan, la regi\u00f3n de Tula; conozco a fondo Hidalgo, conozco a fondo a los hidalguenses, conozco sus problemas, he trabajado en ellos mis \u00faltimos treinta a\u00f1os, yo s\u00e9 qu\u00e9 necesita Hidalgo, s\u00e9 que se ha hecho un gran esfuerzo, pero s\u00e9 que se necesitan cosas que se pueden seguir haciendo y s\u00e9 que verdaderamente la gente hoy quiere un empleo, quiere uno mejor pagado con seguro y no queremos tener hambre, queremos que haya servicios en todas las regiones, mejora de servicios en la zona metropolitana; todo eso que conozco a fondo analizarlo y evidentemente recaer\u00e1 una propuesta solida; cuando la ley me permita referir propuestas lo har\u00e9, porque en este momento ni siquiera me registro, soy aspirante a reg\u00edstrame esta tarde.<\/p>\n<p><strong>\u00a0<\/strong><\/p>\n<p><strong>ERAN YA M\u00c1S DE LAS DOCE DE LA NOCHE\u2026<\/strong><\/p>\n<p><strong>PJ<\/strong>: La \u00faltima pregunta. \u00bfC\u00f3mo recibi\u00f3 la noticia la se\u00f1ora Victoria Ruffo?<\/p>\n<p><strong>OF:<\/strong> Pues con mucha alegr\u00eda, la despert\u00e9 porque lleg\u00f3 tarde la decisi\u00f3n del partido, entonces la tuve que despertar pero su reacci\u00f3n fue de mucho entusiasmo, alegr\u00eda, apapacho y lo mejor.<\/p>\n<p>Ya ten\u00eda yo la emoci\u00f3n de decirlo, ya era bastante tarde. La decisi\u00f3n ya casi me la dieron a la media noche, yo me fui enterando a la media noche\u2026 es muy vertiginoso el asunto, soy un ser humano no porque sea yo un aspirante o Senador ahora candidato del PRI y gobernador , pues no dejo de ser un ser humano que piensa y quiere\u2026 imag\u00ednate la despertada, la pobre, imag\u00ednate \u2026pues qu\u00e9 paso me pregunt\u00f3\u2026.<\/p>\n","protected":false},"excerpt":{"rendered":"<p>*Mi admiraci\u00f3n y gratitud para los cinco aspirantes que buscaron la candidatura por su lealtad *Cuando empe\u00f1o mi palabra la cumplo *\u00bfQu\u00e9 haces aqu\u00ed? Me dijo Osorio, despu\u00e9s me felicit\u00f3 *Pasada la medianoche despert\u00e9 a mi mujer para darle la noticia de que era Yo el elegido para la candidatura y le dio mucha alegr\u00eda<\/p>\n","protected":false},"author":93,"featured_media":0,"comment_status":"open","ping_status":"open","sticky":false,"template":"","format":"standard","meta":{"footnotes":""},"categories":[59],"tags":[],"class_list":["post-16759","post","type-post","status-publish","format-standard","hentry","category-general"],"_links":{"self":[{"href":"https:\/\/plazajuarez.mx\/historico\/wp-json\/wp\/v2\/posts\/16759","targetHints":{"allow":["GET"]}}],"collection":[{"href":"https:\/\/plazajuarez.mx\/historico\/wp-json\/wp\/v2\/posts"}],"about":[{"href":"https:\/\/plazajuarez.mx\/historico\/wp-json\/wp\/v2\/types\/post"}],"author":[{"embeddable":true,"href":"https:\/\/plazajuarez.mx\/historico\/wp-json\/wp\/v2\/users\/93"}],"replies":[{"embeddable":true,"href":"https:\/\/plazajuarez.mx\/historico\/wp-json\/wp\/v2\/comments?post=16759"}],"version-history":[{"count":0,"href":"https:\/\/plazajuarez.mx\/historico\/wp-json\/wp\/v2\/posts\/16759\/revisions"}],"wp:attachment":[{"href":"https:\/\/plazajuarez.mx\/historico\/wp-json\/wp\/v2\/media?parent=16759"}],"wp:term":[{"taxonomy":"category","embeddable":true,"href":"https:\/\/plazajuarez.mx\/historico\/wp-json\/wp\/v2\/categories?post=16759"},{"taxonomy":"post_tag","embeddable":true,"href":"https:\/\/plazajuarez.mx\/historico\/wp-json\/wp\/v2\/tags?post=16759"}],"curies":[{"name":"wp","href":"https:\/\/api.w.org\/{rel}","templated":true}]}}