{"id":16758,"date":"2016-02-05T12:25:05","date_gmt":"2016-02-05T12:25:05","guid":{"rendered":"http:\/\/plazajuarez.mx\/index\/index.php\/2016\/02\/05\/propone-fecha-lugar-y-hora\/"},"modified":"2016-02-05T12:25:05","modified_gmt":"2016-02-05T12:25:05","slug":"propone-fecha-lugar-y-hora","status":"publish","type":"post","link":"https:\/\/plazajuarez.mx\/historico\/propone-fecha-lugar-y-hora\/","title":{"rendered":"Propone fecha lugar y hora"},"content":{"rendered":"<p><strong>EN EL PRD, <\/strong><strong>ISIDRO PEDRAZA CH\u00c1VEZ LLAMA A DEBATE CON GUADARRAMA<\/strong><\/p>\n<p><strong>(Oscar Ra\u00fal P\u00e9rez Cabrera)<\/strong><\/p>\n<p>  <!--more-->  <\/p>\n<p>\u00a0<\/p>\n<p>El precandidato a la gubernatura por el Partido de la Revoluci\u00f3n Democr\u00e1tica (PRD), Isidro Pedraza Ch\u00e1vez exhort\u00f3 a su contrincante dentro del\u00a0 partido, Jos\u00e9 Guadarrama M\u00e1rquez, a que realicen el debate estipulado en el proceso interno de selecci\u00f3n de candidato, el pr\u00f3ximo 15 de febrero a las 18 horas en la Plaza Ju\u00e1rez de la capital hidalguense, a fin de presentar sus propuestas y que la ciudadan\u00eda elija al mejor para la contienda de junio 2016.<\/p>\n<p>\u00a0<\/p>\n<p>El senador dela Rep\u00fablica, se\u00f1al\u00f3 que a fin de que luego no haya omisiones de lo que se deber\u00e1 realizar dentro del partido, y con tiempo suficiente para realizar dicho ejercicio democr\u00e1tico, emiti\u00f3 la invitaci\u00f3n para que Guadarrama M\u00e1rquez, acuda al debate al que propuso como moderador a Julio Menchaca, ex militante del Partido Revolucionario Institucional (PRI).<\/p>\n<p>\u00a0<\/p>\n<p>De igual forma el precandidato del sol azteca, se\u00f1al\u00f3 que como parte de lo acordado para la elecci\u00f3n interna, espera que antes del 15 se tenga la encuesta que se deber\u00e1 realizar para conocer al precandidato mejor posicionado y que a m\u00e1s tardar se realice la Asamblea Estatal a fin de que de ah\u00ed emerja el 33 por ciento restante,\u00a0a fin de concretar el proceso y de ah\u00ed se d\u00e9 a conocer el candidato.<\/p>\n<p>\u00a0<\/p>\n<p>Por otra parte, y referente a los otros partidos pol\u00edticos, el precandidato cuestion\u00f3 la elecci\u00f3n del Partido Acci\u00f3n Nacional (PAN), al dar prioridad a Francisco Xavier Escorza como su candidato, al mismo que se\u00f1al\u00f3 \u201cmuy respetuosamente\u201d, \u00a0como un cantante que no debe estar en la pol\u00edtica.<\/p>\n","protected":false},"excerpt":{"rendered":"<p>EN EL PRD, ISIDRO PEDRAZA CH\u00c1VEZ LLAMA A DEBATE CON GUADARRAMA (Oscar Ra\u00fal P\u00e9rez Cabrera)<\/p>\n","protected":false},"author":93,"featured_media":0,"comment_status":"open","ping_status":"open","sticky":false,"template":"","format":"standard","meta":{"footnotes":""},"categories":[59],"tags":[],"class_list":["post-16758","post","type-post","status-publish","format-standard","hentry","category-general"],"_links":{"self":[{"href":"https:\/\/plazajuarez.mx\/historico\/wp-json\/wp\/v2\/posts\/16758","targetHints":{"allow":["GET"]}}],"collection":[{"href":"https:\/\/plazajuarez.mx\/historico\/wp-json\/wp\/v2\/posts"}],"about":[{"href":"https:\/\/plazajuarez.mx\/historico\/wp-json\/wp\/v2\/types\/post"}],"author":[{"embeddable":true,"href":"https:\/\/plazajuarez.mx\/historico\/wp-json\/wp\/v2\/users\/93"}],"replies":[{"embeddable":true,"href":"https:\/\/plazajuarez.mx\/historico\/wp-json\/wp\/v2\/comments?post=16758"}],"version-history":[{"count":0,"href":"https:\/\/plazajuarez.mx\/historico\/wp-json\/wp\/v2\/posts\/16758\/revisions"}],"wp:attachment":[{"href":"https:\/\/plazajuarez.mx\/historico\/wp-json\/wp\/v2\/media?parent=16758"}],"wp:term":[{"taxonomy":"category","embeddable":true,"href":"https:\/\/plazajuarez.mx\/historico\/wp-json\/wp\/v2\/categories?post=16758"},{"taxonomy":"post_tag","embeddable":true,"href":"https:\/\/plazajuarez.mx\/historico\/wp-json\/wp\/v2\/tags?post=16758"}],"curies":[{"name":"wp","href":"https:\/\/api.w.org\/{rel}","templated":true}]}}