{"id":16754,"date":"2016-02-04T12:35:39","date_gmt":"2016-02-04T12:35:39","guid":{"rendered":"http:\/\/plazajuarez.mx\/index\/index.php\/2016\/02\/04\/alfil-negro-349\/"},"modified":"2016-02-04T12:35:39","modified_gmt":"2016-02-04T12:35:39","slug":"alfil-negro-349","status":"publish","type":"post","link":"https:\/\/plazajuarez.mx\/historico\/alfil-negro-349\/","title":{"rendered":"ALFIL NEGRO"},"content":{"rendered":"<p>(En 51 d\u00edas registro de candidato a Gobernador) <\/p>\n<p>LAS BRONCAS DE OMAR FAYAD<\/p>\n<p>  <!--more-->  <\/p>\n<p>\u00a0<\/p>\n<p>Que Omar Fayad tiene un angelote del tama\u00f1o del mundo, de tal manera que su conexi\u00f3n con la gente es un verdadero fen\u00f3meno de popularidad contra el cual ning\u00fan pol\u00edtico del estado pri\u00edsta o no puede competir, es una verdad como que ser\u00e1 gobernador de Hidalgo despu\u00e9s del 4 de septiembre de este a\u00f1o, porque nadie le va a ganar la elecci\u00f3n. Entonces, \u00bfpor qu\u00e9 el t\u00edtulo de esta columna de \u201cLas broncas de Omar\u201d si visto as\u00ed el asunto, todo es miel sobre hojuelas como dice el cl\u00e1sico cuando las cosas son sencillas?<\/p>\n<p>Pues nada, que aunque todo parece color de rosa, la cosa es que no es tan sencillo el caso, porque el abanderado del partido tricolor debe hilar fino a efecto de que la unidad en torno a su candidatura no enfrente los riesgos de resquebrajamientos de quienes de alguna manera se deben llamar \u201cperdedores\u201d, pese al intento de los jerarcas del partido, por llamar a todos \u201cganadores\u201d cuando en los hechos, la realidad es que hubo un ganador y cinco perdedores, que por disciplina o por conveniencia se pronuncian p\u00fablicamente en favor del elegido.<\/p>\n<p>LOS PERDEDORES\u2026<\/p>\n<p>Se quiera o no, hay perdedores.<\/p>\n<p>Porque si hay un ganador, por l\u00f3gica debe haber alguien que perdi\u00f3 que para este caso son cinco los que no levantan la mano de la victoria, porque s\u00f3lo hay lugar para un ganador y cinco sillas para los que deben esperar mejor ocasi\u00f3n.<\/p>\n<p>As\u00ed es esto y lo saben cuando entran al juego de la candidatura.<\/p>\n<p>Dicen que los perdedores son gente de partido y que entienden y aceptan que no les tocaba y que por lo mismo, y como parte de su disciplina partidista, se suman a la candidatura de Omar para que el partido gane.<\/p>\n<p>Como planteamiento suena muy bien.<\/p>\n<p>Pero ya en los hechos es donde se debe trabajar y mucho para que se concrete y bien a favor del PRI y de su candidato, porque Omar que tiene un enorme apoyo popular, tuvo en las \u00faltimas horas de la decisi\u00f3n una corriente en contra que se vali\u00f3 de todo para frenar su candidatura y se habl\u00f3 de grupos poderosos que no lo miraban bien para el cargo, por razones que habr\u00eda que buscarles explicaciones v\u00e1lidas o por lo menos que se entiendan en esto de lo raro de la pol\u00edtica, porque por extra\u00f1o que parezca, todo indica que eran o son grupos del mismo PRI, no de fuera como deb\u00eda suponerse.<\/p>\n<p>Omar llegar a la candidatura y llegar\u00e1 a la gubernatura, porque representa seg\u00fan se ve, la apuesta m\u00e1s fuerte del PRI, no s\u00f3lo para ganar sino para arrasar y para obtener una victoria fuerte y sin dudas, que sirva al proyecto LOS PINOS, por todo lo que representa Omar como candidato y por la fuerza popular que tiene y lo que garantiza de presencia entre la gente.<\/p>\n<p>Es por otro lado, una lecci\u00f3n muy fuerte en contra de los grupos de poder que intentaron imponer a sus gentes en la gubernatura, se dice que incluso con algunas discusiones de \u00faltima hora en que se pretendi\u00f3 hacer valer una fuerza que a lo mejor no se tiene en contra del pode real de Bucareli.<\/p>\n<p>Eso se dice.<\/p>\n<p>Omar es una apuesta con el visto bueno de todos los jugadores fuertes. Del Presidente Pe\u00f1a desde luego, de Osorio, de Beltrones, de Olvera y de alguien a quien pocos tomaron en cuenta y que al final parece haber dado una lecci\u00f3n de buena pol\u00edtica como es su estilo, del hombre de Real del Monte Jes\u00fas Murillo, del que nunca ha negado ser su disc\u00edpulo el ahora abanderado del PRI a la gubernatura Omar Fayad.<\/p>\n<p>SUMAR, LA TAREA DE OMAR<\/p>\n<p>Todo indica que Omar sumar\u00e1 a lo que ser\u00e1 su propuesta de gobierno lo que fue la propuesta de todos y cada uno de los aspirantes a la candidatura, de PENCHYNA, CAROLINA, JOS\u00c9 ANTONIO, MOCTEZUMA y NUVIA MAYORGA.<\/p>\n<p>Cada uno de ellos ten\u00eda para Hidalgo un camino de desarrollo y de progreso desde su visi\u00f3n personal, pero siempre con el amor y el deseo de que esta tierra creciera.<\/p>\n<p>Seguramente Omar aprovechar\u00e1 el trabajo de cada uno de ellos para sumarlos a lo que ser\u00e1 su programa personal nacido de la voluntad de los hidalguenses.<\/p>\n<p>Ser\u00e1 una manera de ir dando salida a los resquemores y quebrantos que provoca perder, porque suponemos que en esas alturas de la pol\u00edtica si bien es importante ganar, ver que el proyecto de uno en bien del estado se aplica, debe ser algo bueno.<\/p>\n<p>En cuanto a los grupos dolidos, es tarea fuerte de conciliaci\u00f3n en que todo el pri\u00edsmo debe atener el buen camino de la unidad en que no caben resentimientos o actitudes de revancha.<\/p>\n<p>Es parte del carism\u00e1tico Omar.<\/p>\n","protected":false},"excerpt":{"rendered":"<p>(En 51 d\u00edas registro de candidato a Gobernador) LAS BRONCAS DE OMAR FAYAD<\/p>\n","protected":false},"author":93,"featured_media":0,"comment_status":"open","ping_status":"open","sticky":false,"template":"","format":"standard","meta":{"footnotes":""},"categories":[48],"tags":[],"class_list":["post-16754","post","type-post","status-publish","format-standard","hentry","category-adalberto-peralta"],"_links":{"self":[{"href":"https:\/\/plazajuarez.mx\/historico\/wp-json\/wp\/v2\/posts\/16754","targetHints":{"allow":["GET"]}}],"collection":[{"href":"https:\/\/plazajuarez.mx\/historico\/wp-json\/wp\/v2\/posts"}],"about":[{"href":"https:\/\/plazajuarez.mx\/historico\/wp-json\/wp\/v2\/types\/post"}],"author":[{"embeddable":true,"href":"https:\/\/plazajuarez.mx\/historico\/wp-json\/wp\/v2\/users\/93"}],"replies":[{"embeddable":true,"href":"https:\/\/plazajuarez.mx\/historico\/wp-json\/wp\/v2\/comments?post=16754"}],"version-history":[{"count":0,"href":"https:\/\/plazajuarez.mx\/historico\/wp-json\/wp\/v2\/posts\/16754\/revisions"}],"wp:attachment":[{"href":"https:\/\/plazajuarez.mx\/historico\/wp-json\/wp\/v2\/media?parent=16754"}],"wp:term":[{"taxonomy":"category","embeddable":true,"href":"https:\/\/plazajuarez.mx\/historico\/wp-json\/wp\/v2\/categories?post=16754"},{"taxonomy":"post_tag","embeddable":true,"href":"https:\/\/plazajuarez.mx\/historico\/wp-json\/wp\/v2\/tags?post=16754"}],"curies":[{"name":"wp","href":"https:\/\/api.w.org\/{rel}","templated":true}]}}