{"id":16751,"date":"2016-02-04T12:34:56","date_gmt":"2016-02-04T12:34:56","guid":{"rendered":"http:\/\/plazajuarez.mx\/index\/index.php\/2016\/02\/04\/mando-unico-corrupcion-unica\/"},"modified":"2016-02-04T12:34:56","modified_gmt":"2016-02-04T12:34:56","slug":"mando-unico-corrupcion-unica","status":"publish","type":"post","link":"https:\/\/plazajuarez.mx\/historico\/mando-unico-corrupcion-unica\/","title":{"rendered":"Mando \u00danico, corrupci\u00f3n \u00fanica"},"content":{"rendered":"<p>\u00bfDe qu\u00e9 servir\u00e1 concentrar la jefatura de la polic\u00eda en los estados si los superiores se asocian con los delincuentes?<\/p>\n<p>  <!--more-->  <\/p>\n<p>\u00a1Es la corrupci\u00f3n, est\u00fapido! Podr\u00edamos parafrasear la certera observaci\u00f3n de Carville a Bill Clinton, para se\u00f1alar el quid de la inseguridad que asola a nuestro pa\u00eds. <br \/>En la b\u00fasqueda del remedio vamos dando tumbos provocados por negligencias y bloqueos c\u00f3mplices, as\u00ed, las cosas van de mal en peor. Ahora el gobierno de Pe\u00f1a Nieto ofrece como b\u00e1lsamo de Fierabr\u00e1s, la desaparici\u00f3n de las polic\u00edas municipales y la creaci\u00f3n de un modelo de Mando \u00danico. <br \/>\u00bfDe qu\u00e9 servir\u00e1 concentrar la jefatura de la fuerza policiaca en los estados si los superiores se asocian con los delincuentes? La pregunta no parte de un supuesto infundado, procede a la vista de tantos horrores conocidos, cuyos botones de muestra son la polic\u00eda de Iguala y los agentes de la SSP de Veracruz. Municipales los primeros, estatales los segundos; da lo mismo, unos y otros se convirtieron en extensiones uniformadas del crimen organizado. <br \/>Es un error colocar el foco de la soluci\u00f3n a la inseguridad en la cuesti\u00f3n del mando policiaco porque no se hace cargo de una verdad incontrovertible: el origen del mal est\u00e1 en la corrupci\u00f3n. Como lo sustenta el senador Roberto Gil, la verdadera salida de este tr\u00e1gico berenjenal est\u00e1 en aumentar las capacidades del Estado mexicano para lograr calidad, confiabilidad y eficacia en las instituciones de la seguridad p\u00fablica. El reto es articular un conjunto de organismos y herramientas alineadas a tal objetivo, con pleno respeto a los fundamentos federalistas y a la libertad municipal. <br \/>El Grupo Parlamentario del PAN en la C\u00e1mara de Senadores present\u00f3 el 4 de noviembre de 2015 una iniciativa con ese sentido. Propone la reorganizaci\u00f3n del Sistema Nacional de Seguridad P\u00fablica, crear un Instituto Nacional como \u00f3rgano rector, organizar el Servicio Nacional de Carrera Policial y el Instituto Nacional de Ciencias Forenses. Recoge las experiencias del pasado, asimila y mejora otras iniciativas impulsadas con anterioridad por el panismo y es, sin lugar a dudas, definitivamente muy superior a la que el gobierno y su partido est\u00e1n tratando de sacar a marchas forzadas. <br \/>Los senadores del PAN sostienen que para atender correctamente las urgencias en seguridad debe darse tr\u00e1mite paralelo y prioritario a la legislaci\u00f3n secundaria del Sistema Nacional Anticorrupci\u00f3n. No se lograr\u00e1 aquella sin el ant\u00eddoto a la perversi\u00f3n de las instituciones. <br \/>No deja de sorprender la repentina conversi\u00f3n del oficialismo en un contingente fervoroso del Mando \u00danico; durante el gobierno de Calder\u00f3n los l\u00edderes tricolores lo atajaron, en la Conago los gobernadores de ese partido, incluido Osorio Chong, que entonces lo era de Hidalgo, ve\u00edan defectos en donde ahora proclaman virtudes. Como secretario de Gobernaci\u00f3n exige a legisladores correligionarios: \u201cDesde el gobierno de la Rep\u00fablica les decimos que necesitamos esta disposici\u00f3n legal\u2026\u201d Otro singular catec\u00fameno es el mexiquense Eruviel \u00c1vila, vocero m\u00e1ximo en turno de la mesa redonda del feudoralismo. En la sede del Senado sostuvo: \u201ces mejor fortalecer 32 polic\u00edas estatales en lugar de tratar de recomponer las m\u00e1s de mil 800 corporaciones municipales que hoy enfrentan problemas como falta de presupuesto, certificaci\u00f3n y controles de confianza\u2026\u201d Todo lo cual es cierto, pero que no se resolver\u00e1 con el Mando \u00danico y menos a\u00fan si tal jefatura exclusiva no queda sujeta a las reglas y la normativa del r\u00e9gimen anticorrupci\u00f3n. <br \/>La nueva posici\u00f3n del PRI despierta suspicacias. Apresura lo que antes detuvo. \u00bfFuegos de artificio para iluminar el cielo de aspirantes a estrellas en 2018? Ser\u00eda una burla imperdonable si estos afanes fuesen otra manipulaci\u00f3n electorera de la angustia de los mexicanos.<br \/>Twitter: @LF_BravoMena \u00a0\u00a0 \u00a0\u00a0\u00a0 \u00a0<\/p>\n","protected":false},"excerpt":{"rendered":"<p>\u00bfDe qu\u00e9 servir\u00e1 concentrar la jefatura de la polic\u00eda en los estados si los superiores se asocian con los delincuentes?<\/p>\n","protected":false},"author":93,"featured_media":0,"comment_status":"open","ping_status":"open","sticky":false,"template":"","format":"standard","meta":{"footnotes":""},"categories":[42],"tags":[],"class_list":["post-16751","post","type-post","status-publish","format-standard","hentry","category-nuestrapalabra"],"_links":{"self":[{"href":"https:\/\/plazajuarez.mx\/historico\/wp-json\/wp\/v2\/posts\/16751","targetHints":{"allow":["GET"]}}],"collection":[{"href":"https:\/\/plazajuarez.mx\/historico\/wp-json\/wp\/v2\/posts"}],"about":[{"href":"https:\/\/plazajuarez.mx\/historico\/wp-json\/wp\/v2\/types\/post"}],"author":[{"embeddable":true,"href":"https:\/\/plazajuarez.mx\/historico\/wp-json\/wp\/v2\/users\/93"}],"replies":[{"embeddable":true,"href":"https:\/\/plazajuarez.mx\/historico\/wp-json\/wp\/v2\/comments?post=16751"}],"version-history":[{"count":0,"href":"https:\/\/plazajuarez.mx\/historico\/wp-json\/wp\/v2\/posts\/16751\/revisions"}],"wp:attachment":[{"href":"https:\/\/plazajuarez.mx\/historico\/wp-json\/wp\/v2\/media?parent=16751"}],"wp:term":[{"taxonomy":"category","embeddable":true,"href":"https:\/\/plazajuarez.mx\/historico\/wp-json\/wp\/v2\/categories?post=16751"},{"taxonomy":"post_tag","embeddable":true,"href":"https:\/\/plazajuarez.mx\/historico\/wp-json\/wp\/v2\/tags?post=16751"}],"curies":[{"name":"wp","href":"https:\/\/api.w.org\/{rel}","templated":true}]}}