{"id":16749,"date":"2016-02-04T12:33:04","date_gmt":"2016-02-04T12:33:04","guid":{"rendered":"http:\/\/plazajuarez.mx\/index\/index.php\/2016\/02\/04\/piglia-gana-premio-ciutat-de-barcelona\/"},"modified":"2016-02-04T12:33:04","modified_gmt":"2016-02-04T12:33:04","slug":"piglia-gana-premio-ciutat-de-barcelona","status":"publish","type":"post","link":"https:\/\/plazajuarez.mx\/historico\/piglia-gana-premio-ciutat-de-barcelona\/","title":{"rendered":"Piglia gana Premio Ciutat de Barcelona"},"content":{"rendered":"<p>Los reconocimientos se entregar\u00e1n en el Sal\u00f3 de Cent del Ayuntamiento de Barcelona el pr\u00f3ximo lunes 15 de febrero.<\/p>\n<p>  <!--more-->  <\/p>\n<p>\u00a0<\/p>\n<p>Por su libro \u201cLos diarios de Emilio Renzi. A\u00f1os de formaci\u00f3n\u201d, el argentino Ricardo Piglia (1941) fue declarado ganador del premio \u201cCiutat de Barcelona\u201d, en la categor\u00eda \u201cLiteratura en lengua castellana\u201d.<\/p>\n<p>El volumen es el primero de una saga que incluir\u00e1 los t\u00edtulos \u201cLos a\u00f1os felices y \u201cUn d\u00eda en la vida\u201d, proyecto que abarca toda una vida, explic\u00f3 su casa editora Anagrama.<\/p>\n<p>En un comunicado, record\u00f3 que los premios Ciutat de Barcelona, convocados anualmente por el Ayuntamiento de Barcelona, dotados con siete mil euros, reconocen a los creadores y artistas m\u00e1s destacados del \u00faltimo a\u00f1o.<\/p>\n<p>Los reconocimientos se entregar\u00e1n en el Sal\u00f3 de Cent del Ayuntamiento de Barcelona el pr\u00f3ximo lunes 15 de febrero.<\/p>\n<p>De acuerdo con el jurado, integrado por Jordi Gracia, Juan Antonio Masoliver R\u00f3denas, Teresa L\u00f3pez-Pellisa, Lolita Bosch y Xavier Ay\u00e9n, fue elegido ganador \u201cpor haber creado, a trav\u00e9s del formato autobiogr\u00e1fico, un personaje novelesco en la tradici\u00f3n heterodoxa de Robert Artl.<\/p>\n<p>\u201c&#8230;fusionando diversos g\u00e9neros y transform\u00e1ndolos en un todo que no desnaturaliza lo esencial de cada uno de ellos, creando, adem\u00e1s, una verdadera obra panor\u00e1mica con todas las virtudes que nos ha ofrecido a lo largo de su trayectoria\u201d.<\/p>\n<p>Desde el a\u00f1o 2000, Anagrama ha publicado al autor sus cinco novelas \u201cRespiraci\u00f3n artificial\u201d (2001), \u201cLa ciudad ausente\u201d (2003), \u201cPlata quemada\u201d (2000, en su d\u00eda, 1997, Premio Planeta Argentina), \u201cBlanco nocturno\u201d (2010, Premio de la Cr\u00edtica y Premio R\u00f3mulo Gallegos, entre otros) y \u201cEl camino de Ida\u201d (2013).<\/p>\n<p>Los cuentos de \u201cNombre falso\u201d (2002), \u201cLa invasi\u00f3n\u201d (2006) y \u201cPrisi\u00f3n perpetua\u201d (2007), y los textos de Cr\u00edtica y ficci\u00f3n (2001), \u201cFormas breves\u201d (2000, primer Premio Bartolom\u00e9 March a la Cr\u00edtica), \u201cEl \u00faltimo lector\u201d (2005), \u201cAntolog\u00eda personal\u201d (2015) y \u201cLos diarios de Emilio Renzi. A\u00f1os de formaci\u00f3n (2015).<\/p>\n","protected":false},"excerpt":{"rendered":"<p>Los reconocimientos se entregar\u00e1n en el Sal\u00f3 de Cent del Ayuntamiento de Barcelona el pr\u00f3ximo lunes 15 de febrero.<\/p>\n","protected":false},"author":93,"featured_media":0,"comment_status":"open","ping_status":"open","sticky":false,"template":"","format":"standard","meta":{"footnotes":""},"categories":[41],"tags":[],"class_list":["post-16749","post","type-post","status-publish","format-standard","hentry","category-arteria-cultural"],"_links":{"self":[{"href":"https:\/\/plazajuarez.mx\/historico\/wp-json\/wp\/v2\/posts\/16749","targetHints":{"allow":["GET"]}}],"collection":[{"href":"https:\/\/plazajuarez.mx\/historico\/wp-json\/wp\/v2\/posts"}],"about":[{"href":"https:\/\/plazajuarez.mx\/historico\/wp-json\/wp\/v2\/types\/post"}],"author":[{"embeddable":true,"href":"https:\/\/plazajuarez.mx\/historico\/wp-json\/wp\/v2\/users\/93"}],"replies":[{"embeddable":true,"href":"https:\/\/plazajuarez.mx\/historico\/wp-json\/wp\/v2\/comments?post=16749"}],"version-history":[{"count":0,"href":"https:\/\/plazajuarez.mx\/historico\/wp-json\/wp\/v2\/posts\/16749\/revisions"}],"wp:attachment":[{"href":"https:\/\/plazajuarez.mx\/historico\/wp-json\/wp\/v2\/media?parent=16749"}],"wp:term":[{"taxonomy":"category","embeddable":true,"href":"https:\/\/plazajuarez.mx\/historico\/wp-json\/wp\/v2\/categories?post=16749"},{"taxonomy":"post_tag","embeddable":true,"href":"https:\/\/plazajuarez.mx\/historico\/wp-json\/wp\/v2\/tags?post=16749"}],"curies":[{"name":"wp","href":"https:\/\/api.w.org\/{rel}","templated":true}]}}