{"id":16747,"date":"2016-02-04T12:32:36","date_gmt":"2016-02-04T12:32:36","guid":{"rendered":"http:\/\/plazajuarez.mx\/index\/index.php\/2016\/02\/04\/pueblos-hermanos\/"},"modified":"2016-02-04T12:32:36","modified_gmt":"2016-02-04T12:32:36","slug":"pueblos-hermanos","status":"publish","type":"post","link":"https:\/\/plazajuarez.mx\/historico\/pueblos-hermanos\/","title":{"rendered":"Pueblos hermanos"},"content":{"rendered":"<p><strong>CINE DE HOY<\/strong><\/p>\n<p>  <!--more-->  <\/p>\n<p>\u00a0<\/p>\n<p>Se acaba de estrenar en la Cineteca Nacional el apreciable documental Entre Cuba y M\u00e9xico, todo es bonito y sabroso \u00f3pera prima de la isle\u00f1a Idalmis del Risco Siota.<\/p>\n<p>Como su nombre lo dice, se trata de un gozoso trabajo que en escasos 82 minutos destaca las similitudes entre dos pueblos hermanos que tienen mucho en com\u00fan.<\/p>\n<p>Del Risco confiesa que comenz\u00f3 su trabajo en 1994 entrevistando a Eliseo Diego, pero que luego tuvo que suspender sus investigaciones con los 12 a\u00f1os de gobiernos panistas y el c\u00e9lebre episodio foxiano a Fidel Castro de \u201cComes y te vas\u201d.<\/p>\n<p>Por cierto, Virulo hace una divertida parodia sobre el asunto.<\/p>\n<p>Independientemente de los gobiernos en turno, se llega a la conclusi\u00f3n de que ambos pueblos tienen mucho en com\u00fan y que los cubanos nos ven como una especie de hermanos mayores.<\/p>\n<p>Vos enteramos de que hubo cubanos al lado de figuras hist\u00f3ricas como Benito Ju\u00e1rez y Emiliano Zapata, y que la c\u00e9lebre expedici\u00f3n del Gramma no hubiera podido realizarse sin la ayuda de los mexicanos.<\/p>\n<p>C\u00f3mo olvidar a m\u00fasicos cubanos de la talla de Benny Mor\u00e9, P\u00e9rez Prado y m\u00e1s recientemente Silvio Rodr\u00edguez y Pablo Milan\u00e9s.<\/p>\n<p>O a las rumberas inolvidables como Nin\u00f3n Sevilla, Amalia Aguilar y Rosa Carmina.<\/p>\n<p>O que decir de escritores como Alejo Carpentier y la labor de la Casa de las Am\u00e9ricas.<\/p>\n<p>Del Risco narra el asunto con gran fluidez intercalando entrevistas con artistas mexicanos de las m\u00e1s diversas disciplinas.<\/p>\n<p>Como su nombre lo dice Entre Cuba y M\u00e9xico, todo es bonito y sabroso, y este documental lo comprueba con creces.<\/p>\n<p>\u00a0<\/p>\n","protected":false},"excerpt":{"rendered":"<p>CINE DE HOY<\/p>\n","protected":false},"author":93,"featured_media":0,"comment_status":"open","ping_status":"open","sticky":false,"template":"","format":"standard","meta":{"footnotes":""},"categories":[41],"tags":[],"class_list":["post-16747","post","type-post","status-publish","format-standard","hentry","category-arteria-cultural"],"_links":{"self":[{"href":"https:\/\/plazajuarez.mx\/historico\/wp-json\/wp\/v2\/posts\/16747","targetHints":{"allow":["GET"]}}],"collection":[{"href":"https:\/\/plazajuarez.mx\/historico\/wp-json\/wp\/v2\/posts"}],"about":[{"href":"https:\/\/plazajuarez.mx\/historico\/wp-json\/wp\/v2\/types\/post"}],"author":[{"embeddable":true,"href":"https:\/\/plazajuarez.mx\/historico\/wp-json\/wp\/v2\/users\/93"}],"replies":[{"embeddable":true,"href":"https:\/\/plazajuarez.mx\/historico\/wp-json\/wp\/v2\/comments?post=16747"}],"version-history":[{"count":0,"href":"https:\/\/plazajuarez.mx\/historico\/wp-json\/wp\/v2\/posts\/16747\/revisions"}],"wp:attachment":[{"href":"https:\/\/plazajuarez.mx\/historico\/wp-json\/wp\/v2\/media?parent=16747"}],"wp:term":[{"taxonomy":"category","embeddable":true,"href":"https:\/\/plazajuarez.mx\/historico\/wp-json\/wp\/v2\/categories?post=16747"},{"taxonomy":"post_tag","embeddable":true,"href":"https:\/\/plazajuarez.mx\/historico\/wp-json\/wp\/v2\/tags?post=16747"}],"curies":[{"name":"wp","href":"https:\/\/api.w.org\/{rel}","templated":true}]}}