{"id":167426,"date":"2021-06-10T10:20:16","date_gmt":"2021-06-10T15:20:16","guid":{"rendered":"https:\/\/plazajuarez.mx\/?p=167426"},"modified":"2021-06-10T10:20:38","modified_gmt":"2021-06-10T15:20:38","slug":"pumas-no-se-intimida-ante-potencias-economicas-de-la-liga-mx","status":"publish","type":"post","link":"https:\/\/plazajuarez.mx\/historico\/pumas-no-se-intimida-ante-potencias-economicas-de-la-liga-mx\/","title":{"rendered":"Pumas no se intimida ante potencias econ\u00f3micas de la Liga MX"},"content":{"rendered":"\n<p>(EL UNIVERSAL).- Los Pumas no pueden caer en intimidaciones frente a las potencias econ\u00f3micas que presentan algunos equipos de la Liga MX. Al ser todav\u00eda considerado como uno de los cuatro grandes del f\u00fatbol mexicano, el club universitario debe comportarse as\u00ed, con o sin millones en la cartera.<br><br>Los felinos presentaron a sus cinco refuerzos para lo que ser\u00e1 el Apertura 2021, de los cuales solo uno es conocido por su trayectoria en Primera Divisi\u00f3n, Efra\u00edn Velarde; dos vienen desde Brasil, Higor Meritao y Rog\u00e9rio de Oliveira; un ecuatoriano proveniente de la liga de Per\u00fa, Washington Corozo, y un portero con nombre de literato pero con mera experiencia en la Liga de Expansi\u00f3n, Octavio Paz.<br><br>Con esto, Andr\u00e9s Lillini deber\u00e1 fortalecer la base del plantel que termin\u00f3 como la peor ofensiva del Guardianes 2021 y aspirar, m\u00ednimo, a la Liguilla para el pr\u00f3ximo torneo.<br><br>&#8220;Se ha disparado mucho el tema de los recursos de otros clubes, pero no debemos enfocarnos en eso, porque en la cancha somos once contra once. No hay que pensar en la parte econ\u00f3mica, sino en la uni\u00f3n para competir&#8221;, dijo Velarde, quien regres\u00f3 a su casa tras siete a\u00f1os de gira por equipos de la Liga MX.<br><br>&#8220;Me siento con la misma ilusi\u00f3n de cuando era ni\u00f1o, con ganas de trascender, aportar mi experiencia, a competir y trabajar de la mejor manera. Transmitir lo que significa Pumas, levantar la quinta estrella de mi parte y octava para la instituci\u00f3n&#8221;, a\u00f1adi\u00f3 el ex capit\u00e1n auriazul, de 35 a\u00f1os de edad.<br><br>Higor Meritao y Rog\u00e9rio de Oliveira, los nuevos brasile\u00f1os en el Pedregal, prometieron mostrar su calidad y respaldar la decisi\u00f3n de la directiva \u2013encabezada por Leopoldo Silva y Jes\u00fas Ram\u00edrez, presidente y director deportivo, respectivamente\u2013 de contratarlos, a pesar de lo poco que se conoce de ellos.<br><br>Ram\u00edrez etiquet\u00f3 a de Oliveria como un jugador &#8220;vers\u00e1til, que puede jugar en diferentes zonas de la cancha y un complemento para el ataque&#8221;. Mientras que Meritao &#8220;dar\u00e1 distribuci\u00f3n en el medio campo&#8221;.<\/p>\n","protected":false},"excerpt":{"rendered":"<p>(EL UNIVERSAL).- Los Pumas no pueden caer en intimidaciones frente a las potencias econ\u00f3micas que presentan algunos equipos de la Liga MX. Al ser todav\u00eda considerado como uno de los cuatro grandes del f\u00fatbol mexicano, el club universitario debe comportarse as\u00ed, con o sin millones en la cartera. Los felinos presentaron a sus cinco refuerzos [&hellip;]<\/p>\n","protected":false},"author":81,"featured_media":167428,"comment_status":"closed","ping_status":"open","sticky":false,"template":"","format":"standard","meta":{"footnotes":""},"categories":[39],"tags":[],"class_list":["post-167426","post","type-post","status-publish","format-standard","has-post-thumbnail","hentry","category-deportiva"],"_links":{"self":[{"href":"https:\/\/plazajuarez.mx\/historico\/wp-json\/wp\/v2\/posts\/167426","targetHints":{"allow":["GET"]}}],"collection":[{"href":"https:\/\/plazajuarez.mx\/historico\/wp-json\/wp\/v2\/posts"}],"about":[{"href":"https:\/\/plazajuarez.mx\/historico\/wp-json\/wp\/v2\/types\/post"}],"author":[{"embeddable":true,"href":"https:\/\/plazajuarez.mx\/historico\/wp-json\/wp\/v2\/users\/81"}],"replies":[{"embeddable":true,"href":"https:\/\/plazajuarez.mx\/historico\/wp-json\/wp\/v2\/comments?post=167426"}],"version-history":[{"count":0,"href":"https:\/\/plazajuarez.mx\/historico\/wp-json\/wp\/v2\/posts\/167426\/revisions"}],"wp:featuredmedia":[{"embeddable":true,"href":"https:\/\/plazajuarez.mx\/historico\/wp-json\/wp\/v2\/media\/167428"}],"wp:attachment":[{"href":"https:\/\/plazajuarez.mx\/historico\/wp-json\/wp\/v2\/media?parent=167426"}],"wp:term":[{"taxonomy":"category","embeddable":true,"href":"https:\/\/plazajuarez.mx\/historico\/wp-json\/wp\/v2\/categories?post=167426"},{"taxonomy":"post_tag","embeddable":true,"href":"https:\/\/plazajuarez.mx\/historico\/wp-json\/wp\/v2\/tags?post=167426"}],"curies":[{"name":"wp","href":"https:\/\/api.w.org\/{rel}","templated":true}]}}