{"id":167418,"date":"2021-06-10T10:15:56","date_gmt":"2021-06-10T15:15:56","guid":{"rendered":"https:\/\/plazajuarez.mx\/?p=167418"},"modified":"2021-06-10T10:16:12","modified_gmt":"2021-06-10T15:16:12","slug":"verano-turbulento-para-las-selecciones-nacionales","status":"publish","type":"post","link":"https:\/\/plazajuarez.mx\/historico\/verano-turbulento-para-las-selecciones-nacionales\/","title":{"rendered":"Verano turbulento para las Selecciones Nacionales"},"content":{"rendered":"\n<p>Unos en Estados Unidos y otros en Andaluc\u00eda, pero con la misma preocupaci\u00f3n. La alarmante falta de gol en dos Selecciones que lucen confundidas, cuyos futbolistas no comprenden qu\u00e9 suceder\u00e1 en el verano.<br><br>M\u00e1s sencillo hubiera sido que Jaime Lozano definiera antes de la Nations League a los refuerzos ol\u00edmpicos, llevarlos a todos a Espa\u00f1a y hacer una verdadera preparaci\u00f3n para Tokio 2020, no solamente un &#8220;casting&#8221; para elegir a ocho jugadores que ah\u00ed tiene, porque \u2014al final\u2014 ser\u00e1n 10 u 11 futbolistas que no est\u00e1n en M\u00e1laga los que se sumar\u00e1n a la lista definitiva, que debe ser de 18 jugadores.<br><br>En esa convocatoria final aparecer\u00e1n Diego Lainez (si tiene permiso del Betis), Jorge S\u00e1nchez, C\u00e9sar Montes, Carlos Rodr\u00edguez, Uriel Antuna, m\u00e1s los tres refuerzos mayores; eso demuestra que esta gira solamente fue para seleccionar a algunos y que de poco importan los resultados obtenidos. Un proceso que desde el inicio quisieron hacer muy transparente, pero que no fue realizado de la mejor manera. Quisieron guardar demasiado las formas, pero fallaron en los tiempos y ahora los que vayan de un equipo a otro tendr\u00e1n que correr contra el tiempo para complementarse con los compa\u00f1eros y los t\u00e9cnicos que les toquen. Ese es el real peligro de la manera en que se hicieron o, incluso, se est\u00e1n haciendo las cosas.<br><br>Ayer Lozano, Gerardo Martino, Gerardo Torrado e Ignacio Hierro (los directivos encargados de lo deportivo en la Federaci\u00f3n Mexicana de Futbol) hablaron para seguir con el trabajo y las &#8220;negociaciones&#8221; para definir esas dos listas, con los jugadores que ir\u00e1n a los Ol\u00edmpicos y los que participar\u00e1n en la Copa Oro. Algo que pudieron haber hecho desde principios de a\u00f1o para definir r\u00e1pido qu\u00e9 jugadores estar\u00e1n con cada uno de estos equipos, pero \u2014sobre todo\u2014 para trabajar ya con esa plantilla y no generar, incluso, incertidumbre entre algunos futbolistas, sobre todo los j\u00f3venes, quienes no saben con qu\u00e9 equipo terminar\u00e1n o incluso si ser\u00e1n tomados en cuenta.<br><br>En teor\u00eda, ser\u00e1 el 21 de junio, despu\u00e9s de unas vacaciones para los futbolistas que est\u00e1n por ahora concentrados con la Selecci\u00f3n Mayor y la Selecci\u00f3n Ol\u00edmpica, cuando se den a conocer estos listados. De hecho, el amistoso que se llevar\u00e1 a cabo en Nashville ante Panam\u00e1 se jugar\u00e1 con la Sub-23, lo cual en estos momentos pareciera algo tarde y que adem\u00e1s les puede generar complicaciones con SUM, ya que ellos esperan que vaya el primer equipo. En fin, han sido turbulentas estas \u00faltimas semanas y el panorama se percibe algo similar.<\/p>\n","protected":false},"excerpt":{"rendered":"<p>Unos en Estados Unidos y otros en Andaluc\u00eda, pero con la misma preocupaci\u00f3n. La alarmante falta de gol en dos Selecciones que lucen confundidas, cuyos futbolistas no comprenden qu\u00e9 suceder\u00e1 en el verano. M\u00e1s sencillo hubiera sido que Jaime Lozano definiera antes de la Nations League a los refuerzos ol\u00edmpicos, llevarlos a todos a Espa\u00f1a [&hellip;]<\/p>\n","protected":false},"author":81,"featured_media":167424,"comment_status":"closed","ping_status":"open","sticky":false,"template":"","format":"standard","meta":{"footnotes":""},"categories":[39],"tags":[],"class_list":["post-167418","post","type-post","status-publish","format-standard","has-post-thumbnail","hentry","category-deportiva"],"_links":{"self":[{"href":"https:\/\/plazajuarez.mx\/historico\/wp-json\/wp\/v2\/posts\/167418","targetHints":{"allow":["GET"]}}],"collection":[{"href":"https:\/\/plazajuarez.mx\/historico\/wp-json\/wp\/v2\/posts"}],"about":[{"href":"https:\/\/plazajuarez.mx\/historico\/wp-json\/wp\/v2\/types\/post"}],"author":[{"embeddable":true,"href":"https:\/\/plazajuarez.mx\/historico\/wp-json\/wp\/v2\/users\/81"}],"replies":[{"embeddable":true,"href":"https:\/\/plazajuarez.mx\/historico\/wp-json\/wp\/v2\/comments?post=167418"}],"version-history":[{"count":0,"href":"https:\/\/plazajuarez.mx\/historico\/wp-json\/wp\/v2\/posts\/167418\/revisions"}],"wp:featuredmedia":[{"embeddable":true,"href":"https:\/\/plazajuarez.mx\/historico\/wp-json\/wp\/v2\/media\/167424"}],"wp:attachment":[{"href":"https:\/\/plazajuarez.mx\/historico\/wp-json\/wp\/v2\/media?parent=167418"}],"wp:term":[{"taxonomy":"category","embeddable":true,"href":"https:\/\/plazajuarez.mx\/historico\/wp-json\/wp\/v2\/categories?post=167418"},{"taxonomy":"post_tag","embeddable":true,"href":"https:\/\/plazajuarez.mx\/historico\/wp-json\/wp\/v2\/tags?post=167418"}],"curies":[{"name":"wp","href":"https:\/\/api.w.org\/{rel}","templated":true}]}}