{"id":167409,"date":"2021-06-10T09:54:34","date_gmt":"2021-06-10T14:54:34","guid":{"rendered":"https:\/\/plazajuarez.mx\/?p=167409"},"modified":"2021-06-10T09:55:33","modified_gmt":"2021-06-10T14:55:33","slug":"agredio-y-quiso-ahogar-en-tambo-con-agua-a-su-hija-de-11-anos","status":"publish","type":"post","link":"https:\/\/plazajuarez.mx\/historico\/agredio-y-quiso-ahogar-en-tambo-con-agua-a-su-hija-de-11-anos\/","title":{"rendered":"Agredi\u00f3 y quiso ahogar en tambo con agua a su hija de 11 a\u00f1os"},"content":{"rendered":"\n<p>Mediante la expedici\u00f3n de un comunicado oficial, ayer se dio a conocer que por hechos probablemente constitutivos de delito, relacionados con la comisi\u00f3n de maltrato infantil, agentes de la Secretar\u00eda de Seguridad P\u00fablica de Hidalgo, consignaron ante el agente del Ministerio P\u00fablico a un hombre&nbsp; que fue detenido en el municipio de Pachuca.<\/p>\n\n\n\n<p>El individuo fue se\u00f1alado de presuntamente intentar ahogar en un tambo con agua y agredir f\u00edsicamente a su hija, una ni\u00f1a de 11 a\u00f1os, a la que los oficiales estatales le brindaron atenci\u00f3n y acompa\u00f1amiento durante su intervenci\u00f3n en la comunidad de Camelia.<\/p>\n\n\n\n<p>La persona de 28 a\u00f1os de edad, que se identific\u00f3 con el nombre con iniciales F.H.H., fue asegurada y puesta a disposici\u00f3n de las autoridades competentes a efecto de dar seguimiento al proceso legal.<\/p>\n\n\n\n<p>La Unidad de Prevenci\u00f3n, Protecci\u00f3n y Atenci\u00f3n a la Violencia de G\u00e9nero (PPAViG) canaliz\u00f3 a la v\u00edctima y a su hermana a un centro de atenci\u00f3n especializado para ni\u00f1as, ni\u00f1os y adolescentes.<\/p>\n\n\n\n<p>La Secretar\u00eda de Seguridad P\u00fablica de Hidalgo reitera el llamado a la ciudadan\u00eda para contribuir con estas acciones, realizando reportes mediante el 911 de Emergencias y\/o 089 para Denuncia An\u00f3nima.<\/p>\n","protected":false},"excerpt":{"rendered":"<p>Mediante la expedici\u00f3n de un comunicado oficial, ayer se dio a conocer que por hechos probablemente constitutivos de delito, relacionados con la comisi\u00f3n de maltrato infantil, agentes de la Secretar\u00eda de Seguridad P\u00fablica de Hidalgo, consignaron ante el agente del Ministerio P\u00fablico a un hombre&nbsp; que fue detenido en el municipio de Pachuca. El individuo [&hellip;]<\/p>\n","protected":false},"author":93,"featured_media":167411,"comment_status":"closed","ping_status":"open","sticky":false,"template":"","format":"standard","meta":{"footnotes":""},"categories":[37],"tags":[],"class_list":["post-167409","post","type-post","status-publish","format-standard","has-post-thumbnail","hentry","category-barandilla"],"_links":{"self":[{"href":"https:\/\/plazajuarez.mx\/historico\/wp-json\/wp\/v2\/posts\/167409","targetHints":{"allow":["GET"]}}],"collection":[{"href":"https:\/\/plazajuarez.mx\/historico\/wp-json\/wp\/v2\/posts"}],"about":[{"href":"https:\/\/plazajuarez.mx\/historico\/wp-json\/wp\/v2\/types\/post"}],"author":[{"embeddable":true,"href":"https:\/\/plazajuarez.mx\/historico\/wp-json\/wp\/v2\/users\/93"}],"replies":[{"embeddable":true,"href":"https:\/\/plazajuarez.mx\/historico\/wp-json\/wp\/v2\/comments?post=167409"}],"version-history":[{"count":0,"href":"https:\/\/plazajuarez.mx\/historico\/wp-json\/wp\/v2\/posts\/167409\/revisions"}],"wp:featuredmedia":[{"embeddable":true,"href":"https:\/\/plazajuarez.mx\/historico\/wp-json\/wp\/v2\/media\/167411"}],"wp:attachment":[{"href":"https:\/\/plazajuarez.mx\/historico\/wp-json\/wp\/v2\/media?parent=167409"}],"wp:term":[{"taxonomy":"category","embeddable":true,"href":"https:\/\/plazajuarez.mx\/historico\/wp-json\/wp\/v2\/categories?post=167409"},{"taxonomy":"post_tag","embeddable":true,"href":"https:\/\/plazajuarez.mx\/historico\/wp-json\/wp\/v2\/tags?post=167409"}],"curies":[{"name":"wp","href":"https:\/\/api.w.org\/{rel}","templated":true}]}}