{"id":167405,"date":"2021-06-10T07:29:42","date_gmt":"2021-06-10T12:29:42","guid":{"rendered":"https:\/\/plazajuarez.mx\/?p=167405"},"modified":"2021-06-10T07:30:33","modified_gmt":"2021-06-10T12:30:33","slug":"firman-contrato-para-la-adquisicion-de-los-vagones-del-tren-maya","status":"publish","type":"post","link":"https:\/\/plazajuarez.mx\/historico\/firman-contrato-para-la-adquisicion-de-los-vagones-del-tren-maya\/","title":{"rendered":"Firman contrato para la adquisici\u00f3n de los vagones del Tren Maya"},"content":{"rendered":"\n<p>El presidente Andr\u00e9s Manuel L\u00f3pez Obrador atestigu\u00f3 la firma del contrato para la adquisici\u00f3n de los primeros 42 trenes del Tren Maya con el consorcio Bombardier-Alstom, cuya inversi\u00f3n ser\u00e1 de 36.5 mil millones de pesos.<\/p>\n\n\n\n<p>En su conferencia de prensa, en Palacio Nacional, el titular del Ejecutivo destac\u00f3 que las empresas tienen el enorme desaf\u00edo de construir los trenes en tiempo y forma, con altos niveles de calidad y sin ampliaciones presupuestales.<\/p>\n\n\n\n<p>&#8220;Estoy seguro de que van a cumplir haciendo trenes de calidad, modernos, se va a cumplir con el presupuesto estimado, no habr\u00e1 ampliaciones y se cumplir\u00e1 en el tiempo, es todo un desaf\u00edo porque necesitamos tener los trenes para el 2023&#8221;, dijo.<\/p>\n\n\n\n<p>Acompa\u00f1ado por los embajadores de Canad\u00e1 y Francia en M\u00e9xico, los directivos y representantes legales de las empresas y el canciller Marcelo Ebrard, el Presidente destac\u00f3 que son firmas muy serias que tienen sus plantas en M\u00e9xico.<\/p>\n\n\n\n<p>&#8220;De modo que se van a generar muchos empleos, de manera especial en ciudad Sahag\u00fan, en Hidalgo&#8221;.<\/p>\n\n\n\n<p>Record\u00f3 que como Jefe de Gobierno de la Ciudad de M\u00e9xico se compr\u00f3 ese entonces 40 trenes, con 400 vagones, y fue Bombardier la empresa que los construy\u00f3 en Ciudad Sahag\u00fan.<\/p>\n","protected":false},"excerpt":{"rendered":"<p>El presidente Andr\u00e9s Manuel L\u00f3pez Obrador atestigu\u00f3 la firma del contrato para la adquisici\u00f3n de los primeros 42 trenes del Tren Maya con el consorcio Bombardier-Alstom, cuya inversi\u00f3n ser\u00e1 de 36.5 mil millones de pesos. En su conferencia de prensa, en Palacio Nacional, el titular del Ejecutivo destac\u00f3 que las empresas tienen el enorme desaf\u00edo [&hellip;]<\/p>\n","protected":false},"author":81,"featured_media":167406,"comment_status":"closed","ping_status":"open","sticky":false,"template":"","format":"standard","meta":{"footnotes":""},"categories":[15,36],"tags":[],"class_list":["post-167405","post","type-post","status-publish","format-standard","has-post-thumbnail","hentry","category-destacadas","category-nacion"],"_links":{"self":[{"href":"https:\/\/plazajuarez.mx\/historico\/wp-json\/wp\/v2\/posts\/167405","targetHints":{"allow":["GET"]}}],"collection":[{"href":"https:\/\/plazajuarez.mx\/historico\/wp-json\/wp\/v2\/posts"}],"about":[{"href":"https:\/\/plazajuarez.mx\/historico\/wp-json\/wp\/v2\/types\/post"}],"author":[{"embeddable":true,"href":"https:\/\/plazajuarez.mx\/historico\/wp-json\/wp\/v2\/users\/81"}],"replies":[{"embeddable":true,"href":"https:\/\/plazajuarez.mx\/historico\/wp-json\/wp\/v2\/comments?post=167405"}],"version-history":[{"count":0,"href":"https:\/\/plazajuarez.mx\/historico\/wp-json\/wp\/v2\/posts\/167405\/revisions"}],"wp:featuredmedia":[{"embeddable":true,"href":"https:\/\/plazajuarez.mx\/historico\/wp-json\/wp\/v2\/media\/167406"}],"wp:attachment":[{"href":"https:\/\/plazajuarez.mx\/historico\/wp-json\/wp\/v2\/media?parent=167405"}],"wp:term":[{"taxonomy":"category","embeddable":true,"href":"https:\/\/plazajuarez.mx\/historico\/wp-json\/wp\/v2\/categories?post=167405"},{"taxonomy":"post_tag","embeddable":true,"href":"https:\/\/plazajuarez.mx\/historico\/wp-json\/wp\/v2\/tags?post=167405"}],"curies":[{"name":"wp","href":"https:\/\/api.w.org\/{rel}","templated":true}]}}