{"id":167384,"date":"2021-06-10T06:00:00","date_gmt":"2021-06-10T11:00:00","guid":{"rendered":"https:\/\/plazajuarez.mx\/?p=167384"},"modified":"2021-06-09T23:15:09","modified_gmt":"2021-06-10T04:15:09","slug":"plaga-amenaza-al-mezquital-piden-ayuda-al-gobierno-federal","status":"publish","type":"post","link":"https:\/\/plazajuarez.mx\/historico\/plaga-amenaza-al-mezquital-piden-ayuda-al-gobierno-federal\/","title":{"rendered":"Plaga amenaza al Mezquital; piden ayuda al Gobierno Federal"},"content":{"rendered":"\n<p>Una plaga amenaza a las plantas de Mezquital, la afectaci\u00f3n ha sido considerable y ha obligado a la autoridad municipal a solicitar ayuda al gobierno federal y estatal, para hacer un diagn\u00f3stico y en base a ello, buscar una soluci\u00f3n que permita afrontar el problema.&nbsp;<\/p>\n\n\n\n<p>Se han hecho ayudar de la Secretaria del Medio Ambiente federal (Semarnat) y del estado (Semarnath) para revisar qu\u00e9 puede hacerse.&nbsp;<\/p>\n\n\n\n<p>El problema est\u00e1 acentuado en las comunidades de El Saucillo, Llano II, y Aguas Blancas, inform\u00f3 la Presidencia Municipal, los vecinos han manifestado esta preocupaci\u00f3n a las autoridades y han solicitado ayuda urgente para buscar soluciones.&nbsp;<\/p>\n\n\n\n<p>Seg\u00fan la alcald\u00eda,&nbsp;la plaga&nbsp;&nbsp;que afecta a los \u00e1rboles de mezquite, Recibe el nombre de Prosopus sp.&nbsp;<\/p>\n\n\n\n<p>En este recorrido de supervisi\u00f3n ocular, particip\u00f3 la Coordinaci\u00f3n de Ecolog\u00eda; Coordinaci\u00f3n Agropecuaria y Pesca, y Comit\u00e9 Estatal de Sanidad Vegetal de Hidalgo que analizaron los sitios en que se ha detectado este agente.<\/p>\n\n\n\n<p>\u201cSe tomaron datos cient\u00edficos, evidencia colectiva y fotograf\u00edas con el fin de generar un estudio y un plan de ataque y control fitosanitario\u201d (sic), inform\u00f3 la Presidencia Municipal.<\/p>\n\n\n\n<p>La sequ\u00eda que ha afectado a todas las regiones de Hidalgo, ha tra\u00eddo consecuencias a los bosques, es el caso de Ixmiquilpan y Cardonal, donde la plaga del gusano descortezador ha encontrado las condiciones oportunas para desarrollarse, afectando grandes extensiones de bosque, principalmente ocote y pino pi\u00f1onero.&nbsp;<\/p>\n","protected":false},"excerpt":{"rendered":"<p>Una plaga amenaza a las plantas de Mezquital, la afectaci\u00f3n ha sido considerable y ha obligado a la autoridad municipal a solicitar ayuda al gobierno federal y estatal, para hacer un diagn\u00f3stico y en base a ello, buscar una soluci\u00f3n que permita afrontar el problema.&nbsp; Se han hecho ayudar de la Secretaria del Medio Ambiente [&hellip;]<\/p>\n","protected":false},"author":75,"featured_media":167398,"comment_status":"closed","ping_status":"open","sticky":false,"template":"","format":"standard","meta":{"footnotes":""},"categories":[40],"tags":[],"class_list":["post-167384","post","type-post","status-publish","format-standard","has-post-thumbnail","hentry","category-region"],"_links":{"self":[{"href":"https:\/\/plazajuarez.mx\/historico\/wp-json\/wp\/v2\/posts\/167384","targetHints":{"allow":["GET"]}}],"collection":[{"href":"https:\/\/plazajuarez.mx\/historico\/wp-json\/wp\/v2\/posts"}],"about":[{"href":"https:\/\/plazajuarez.mx\/historico\/wp-json\/wp\/v2\/types\/post"}],"author":[{"embeddable":true,"href":"https:\/\/plazajuarez.mx\/historico\/wp-json\/wp\/v2\/users\/75"}],"replies":[{"embeddable":true,"href":"https:\/\/plazajuarez.mx\/historico\/wp-json\/wp\/v2\/comments?post=167384"}],"version-history":[{"count":0,"href":"https:\/\/plazajuarez.mx\/historico\/wp-json\/wp\/v2\/posts\/167384\/revisions"}],"wp:featuredmedia":[{"embeddable":true,"href":"https:\/\/plazajuarez.mx\/historico\/wp-json\/wp\/v2\/media\/167398"}],"wp:attachment":[{"href":"https:\/\/plazajuarez.mx\/historico\/wp-json\/wp\/v2\/media?parent=167384"}],"wp:term":[{"taxonomy":"category","embeddable":true,"href":"https:\/\/plazajuarez.mx\/historico\/wp-json\/wp\/v2\/categories?post=167384"},{"taxonomy":"post_tag","embeddable":true,"href":"https:\/\/plazajuarez.mx\/historico\/wp-json\/wp\/v2\/tags?post=167384"}],"curies":[{"name":"wp","href":"https:\/\/api.w.org\/{rel}","templated":true}]}}