{"id":167278,"date":"2021-06-09T10:14:44","date_gmt":"2021-06-09T15:14:44","guid":{"rendered":"https:\/\/plazajuarez.mx\/?p=167278"},"modified":"2021-06-09T10:15:00","modified_gmt":"2021-06-09T15:15:00","slug":"letras-y-memorias-43","status":"publish","type":"post","link":"https:\/\/plazajuarez.mx\/historico\/letras-y-memorias-43\/","title":{"rendered":"Letras y Memorias"},"content":{"rendered":"\n<h2 class=\"wp-block-heading\"><strong>Cosmonauta de un sue\u00f1o. Vol. V<\/strong><\/h2>\n\n\n\n<p>Bit\u00e1cora del viajero: El deslizador plateado se ha averiado. Los pies tendr\u00e1n que ser instrumento para poder movernos.&nbsp;<\/p>\n\n\n\n<p>Un paso a la vez, y con la entera convicci\u00f3n de encontrar la luz dentro de la m\u00e1s profunda oscuridad, llego a un punto de eterna calma, de pura paz, encuentro en las aglutinadas y esponjosas nubes una suerte de guarida, una ciudad celestial que me abraza para cobijarme, y alimentar el est\u00f3mago fatigado.<\/p>\n\n\n\n<p>\u201cLa fe es un don que no me ha sido otorgado\u201d, pienso. Pero si ese milagroso hogar que me alberg\u00f3, no era suficiente prueba para tener fe, entonces muy pocas cosas en este planeta tendr\u00edan la capacidad de sorprenderme.&nbsp;<\/p>\n\n\n\n<p>No entiendo c\u00f3mo es que funciona la fe. Observo con cierta sorpresa a los lugare\u00f1os juntando las palmas y cerrando los ojos mientras depositan plegarias y, caigo en cuenta de que definitivamente la fe no es ese recurso que se mide o compara con granos de mostaza; la fe m\u00e1s bien es esa sensaci\u00f3n de satisfacci\u00f3n que el pecho siente mientras uno habla con la extensi\u00f3n m\u00e1s divina del cuerpo nuestro.&nbsp;<\/p>\n\n\n\n<p>Fe. Analizo la palabra, las acciones alrededor de ella, y pese a tanta revisi\u00f3n no termino de entender a qu\u00e9 se refiere la gente del lugar cuando hablan de no perderla. \u00bfY si jam\u00e1s la tuve dentro y por ende, no hay algo que perder? \u00bfY si ya la he perdido y no logro encontrarla? Se llena de dilemas mi mente.&nbsp;<\/p>\n\n\n\n<p>Me explican unos labios rosados y una voz franca que, en realidad, la fe s\u00ed es algo propio de la humanidad, pero que resulta similar al alma, esp\u00edritu o Dios: no es palpable, pero est\u00e1 ah\u00ed junto a millones de part\u00edculas que existen en el vasto universo que habitamos todos.&nbsp;<\/p>\n\n\n\n<p>Seg\u00fan lo que entiendo luego de la lecci\u00f3n de aquella mujer, fe es que sin importar la certeza o incertidumbre del ma\u00f1ana, hoy nos sepamos dichosos de vivir. Parece ser que la fe es una especie de fuerza que adhiere todas las cosas y mantiene en su lugar el orden obvio del universo que alguna especie de Dios, ha creado para nosotros.&nbsp;<\/p>\n\n\n\n<p>La fe, seg\u00fan dicen, es aquello que permite que los milagros sucedan, y no hablamos de cosas sobrenaturales como renacer o mover monta\u00f1as, m\u00e1s bien hablamos de lo realmente elemental como sonre\u00edr en medio de la pena, conocer gente amena en las esquinas inh\u00f3spitas o disfrutar de un respiro en las cumbres de las monta\u00f1as.&nbsp;<\/p>\n\n\n\n<p>Para ser franco, no termino de entender qu\u00e9 es la fe o c\u00f3mo se consigue pero, de cierto les digo que, si hubiera un poco de ella en todos nosotros, la luz de una vida nueva estar\u00eda incandescente guiando nuestros caminos, a diferencia de mis pies que avanzaron entre tinieblas.<\/p>\n\n\n\n<p><strong>\u00a1Hasta el pr\u00f3ximo jueves!<\/strong><\/p>\n\n\n\n<p><strong>Postdata: <\/strong>Este espacio cambiar\u00e1 su d\u00eda de publicaci\u00f3n, porque es una prueba de fe hacerlo.<br><strong>Mi Twitter: @CamaradaEslava<\/strong><strong><br><\/strong><strong>Mi correo: <\/strong><a href=\"mailto:osmareslava@plazajuarez.mx\/historico\/historico\"><strong>osmareslava@plazajuarez.mx\/historico\/historico<\/strong><\/a><strong><\/strong><\/p>\n","protected":false},"excerpt":{"rendered":"<p>Cosmonauta de un sue\u00f1o. Vol. V Bit\u00e1cora del viajero: El deslizador plateado se ha averiado. Los pies tendr\u00e1n que ser instrumento para poder movernos.&nbsp; Un paso a la vez, y con la entera convicci\u00f3n de encontrar la luz dentro de la m\u00e1s profunda oscuridad, llego a un punto de eterna calma, de pura paz, encuentro [&hellip;]<\/p>\n","protected":false},"author":95,"featured_media":154932,"comment_status":"closed","ping_status":"open","sticky":false,"template":"","format":"standard","meta":{"footnotes":""},"categories":[42,84],"tags":[],"class_list":["post-167278","post","type-post","status-publish","format-standard","has-post-thumbnail","hentry","category-nuestrapalabra","category-osmar-eslava-marquez"],"_links":{"self":[{"href":"https:\/\/plazajuarez.mx\/historico\/wp-json\/wp\/v2\/posts\/167278","targetHints":{"allow":["GET"]}}],"collection":[{"href":"https:\/\/plazajuarez.mx\/historico\/wp-json\/wp\/v2\/posts"}],"about":[{"href":"https:\/\/plazajuarez.mx\/historico\/wp-json\/wp\/v2\/types\/post"}],"author":[{"embeddable":true,"href":"https:\/\/plazajuarez.mx\/historico\/wp-json\/wp\/v2\/users\/95"}],"replies":[{"embeddable":true,"href":"https:\/\/plazajuarez.mx\/historico\/wp-json\/wp\/v2\/comments?post=167278"}],"version-history":[{"count":0,"href":"https:\/\/plazajuarez.mx\/historico\/wp-json\/wp\/v2\/posts\/167278\/revisions"}],"wp:featuredmedia":[{"embeddable":true,"href":"https:\/\/plazajuarez.mx\/historico\/wp-json\/wp\/v2\/media\/154932"}],"wp:attachment":[{"href":"https:\/\/plazajuarez.mx\/historico\/wp-json\/wp\/v2\/media?parent=167278"}],"wp:term":[{"taxonomy":"category","embeddable":true,"href":"https:\/\/plazajuarez.mx\/historico\/wp-json\/wp\/v2\/categories?post=167278"},{"taxonomy":"post_tag","embeddable":true,"href":"https:\/\/plazajuarez.mx\/historico\/wp-json\/wp\/v2\/tags?post=167278"}],"curies":[{"name":"wp","href":"https:\/\/api.w.org\/{rel}","templated":true}]}}