{"id":167098,"date":"2021-06-08T07:24:09","date_gmt":"2021-06-08T12:24:09","guid":{"rendered":"https:\/\/plazajuarez.mx\/?p=167098"},"modified":"2021-06-08T07:24:09","modified_gmt":"2021-06-08T12:24:09","slug":"alfil-negro-2095","status":"publish","type":"post","link":"https:\/\/plazajuarez.mx\/historico\/alfil-negro-2095\/","title":{"rendered":"ALFIL NEGRO"},"content":{"rendered":"\n<h2 class=\"wp-block-heading\">\u00bfQU\u00c9 NOS ESPERA CON\u00a0LOS QUE GANARON DE MORENA? Nada bueno.<\/h2>\n\n\n\n<p>Sobre todo de los que ganaron las 6 diputaciones federales de 7 posibles porque de ellos 3 se reeligieron: SIMEY&nbsp; OLVERA por ACTOPAN, ISABEL ALFARO MORALES por Tulancingo y LIDIA&nbsp; GARC\u00cdA por Pachuca. Quienes en el tiempo que llevan como diputados federales han sido un cero a la izquierda en el Congreso Federal por un trabajo raqu\u00edtico y porque no tienen la capacidad para lucir en San L\u00e1zaro, as\u00ed de simple.<\/p>\n\n\n\n<p>Los otros 3 que ganaron son YAMILE SALOM\u00d3N&nbsp; DUR\u00c1N por Ixmiquilpan , CUAUHT\u00c9MOC OCHOA por Tula y NAVOR ROJAS por Tepeapulco. YAMILE es ex regidora y activista de Morena. Es inquieta pero no parece tener muchas posibilidades para el desempe\u00f1o del cargo. Fue postulada por el Verde en la alianza que tuvo con Morena y otros.&nbsp;<\/p>\n\n\n\n<p>OCHOA ex subsecretario de Normatividad Ambiental de la Secretar\u00eda del medio ambiente en el gobierno de Pe\u00f1a Nieto ,conoce los escenarios y buscar\u00e1 sin duda la Comisi\u00f3n del medio ambiente por todo lo que&nbsp; aprendi\u00f3 del gobierno priista&nbsp; al que sirvi\u00f3.Ojal\u00e1 haga algo por el estado.&nbsp;<\/p>\n\n\n\n<p>NAVOR ROJAS no es mala apuesta ,porque tiene capacidad de di\u00e1logo y acuerdo. De los otros como los del grupo Universidad LIDIA GARC\u00cdA que gan\u00f3 el distrito de Pachuca y ahora Presidenta del Patronato de la UAEH donde la puso su patr\u00f3n, ahora en la c\u00e1rcel, y de ISABEL ALFARO ex docente de la UAEH, la verdad no se puede esperar nada, porque ya han demostrado que no tienen el tama\u00f1o para el cargo.<\/p>\n\n\n\n<p>Fieles a su jefe Sosa poco hicieron por Hidalgo y todo indica que as\u00ed seguir\u00e1n.<\/p>\n\n\n\n<p>De SIMEY OLVERA que gan\u00f3 en Actopan baste decir que su fuerte son las redes sociales pero de trabajo legislativo cero.<\/p>\n\n\n\n<p>Todo indica que FORTUNATO RIVERA que buscaba la reelecci\u00f3n por Huejutla no lo logr\u00f3 ante SAYONARA RODR\u00cdGUEZ del PRI&nbsp; que lo venci\u00f3.<\/p>\n\n\n\n<p>Son los que ganaron la elecci\u00f3n para diputados federales y los&nbsp; de Juntos Haremos Historia no tienen patas para gallos.<\/p>\n\n\n\n<p>Los actuales como LIDIA&nbsp; GARC\u00cdA, ISABEL ALFARO Y SIMEY OLVERA no movieron un dedo para evitar que a Hidalgo quitar\u00e1n m\u00e1s de 2 mil millones de pesos.<\/p>\n\n\n\n<p>Sin embargo fue la voluntad de los ciudadanos quienes decidieron que fueran diputados federales.<\/p>\n\n\n\n<p>SAYONARA VARGAS es la esperanza de ser una voz&nbsp; y una actitud que saque la cara por&nbsp; el estado. Tiene capacidad intelectual y voluntad para hacerlo. Algo podr\u00e1 lograr si encuentra solidaridad con NAVOR&nbsp; y quiz\u00e1 con Cuauht\u00e9moc.<\/p>\n\n\n\n<p>No es tarea f\u00e1cil, pero por lo menos habr\u00e1 una vez fuerte que se oiga en defensa de nuestra tierra.<\/p>\n\n\n\n<p>De los otros, ya demostraron lo in\u00fatiles que son los que se reeligen y los nuevos no dan color.<\/p>\n","protected":false},"excerpt":{"rendered":"<p>\u00bfQU\u00c9 NOS ESPERA CON\u00a0LOS QUE GANARON DE MORENA? Nada bueno. Sobre todo de los que ganaron las 6 diputaciones federales de 7 posibles porque de ellos 3 se reeligieron: SIMEY&nbsp; OLVERA por ACTOPAN, ISABEL ALFARO MORALES por Tulancingo y LIDIA&nbsp; GARC\u00cdA por Pachuca. Quienes en el tiempo que llevan como diputados federales han sido un [&hellip;]<\/p>\n","protected":false},"author":83,"featured_media":154739,"comment_status":"closed","ping_status":"open","sticky":false,"template":"","format":"standard","meta":{"footnotes":""},"categories":[48,42],"tags":[],"class_list":["post-167098","post","type-post","status-publish","format-standard","has-post-thumbnail","hentry","category-adalberto-peralta","category-nuestrapalabra"],"_links":{"self":[{"href":"https:\/\/plazajuarez.mx\/historico\/wp-json\/wp\/v2\/posts\/167098","targetHints":{"allow":["GET"]}}],"collection":[{"href":"https:\/\/plazajuarez.mx\/historico\/wp-json\/wp\/v2\/posts"}],"about":[{"href":"https:\/\/plazajuarez.mx\/historico\/wp-json\/wp\/v2\/types\/post"}],"author":[{"embeddable":true,"href":"https:\/\/plazajuarez.mx\/historico\/wp-json\/wp\/v2\/users\/83"}],"replies":[{"embeddable":true,"href":"https:\/\/plazajuarez.mx\/historico\/wp-json\/wp\/v2\/comments?post=167098"}],"version-history":[{"count":0,"href":"https:\/\/plazajuarez.mx\/historico\/wp-json\/wp\/v2\/posts\/167098\/revisions"}],"wp:featuredmedia":[{"embeddable":true,"href":"https:\/\/plazajuarez.mx\/historico\/wp-json\/wp\/v2\/media\/154739"}],"wp:attachment":[{"href":"https:\/\/plazajuarez.mx\/historico\/wp-json\/wp\/v2\/media?parent=167098"}],"wp:term":[{"taxonomy":"category","embeddable":true,"href":"https:\/\/plazajuarez.mx\/historico\/wp-json\/wp\/v2\/categories?post=167098"},{"taxonomy":"post_tag","embeddable":true,"href":"https:\/\/plazajuarez.mx\/historico\/wp-json\/wp\/v2\/tags?post=167098"}],"curies":[{"name":"wp","href":"https:\/\/api.w.org\/{rel}","templated":true}]}}