{"id":166566,"date":"2021-06-05T10:06:19","date_gmt":"2021-06-05T15:06:19","guid":{"rendered":"https:\/\/plazajuarez.mx\/?p=166566"},"modified":"2021-06-05T10:06:55","modified_gmt":"2021-06-05T15:06:55","slug":"cine-de-hoy-203","status":"publish","type":"post","link":"https:\/\/plazajuarez.mx\/historico\/cine-de-hoy-203\/","title":{"rendered":"CINE DE HOY"},"content":{"rendered":"\n<h2 class=\"wp-block-heading\"><strong>Miradas ind\u00edgenas<\/strong><\/h2>\n\n\n\n<p>La sexta sesi\u00f3n de la tercera temporada de Jueves de Cine en la Casa Bu\u00f1uel, estuvo dedicada a <em>Los pueblos originarios en el cine<\/em> y cont\u00f3 con tres dignos representantes, la actriz, guionista y directora \u00c1ngeles Cruz, el espl\u00e9ndido actor Gerardo Taracena y el realizador Nicol\u00e1s Rojas.<\/p>\n\n\n\n<p>\u00c1ngeles denunci\u00f3 el predominio de estereotipos y discursos racistas, tanto en el cine como en la televisi\u00f3n, en donde solamente le ofrec\u00edan papeles de sirvienta, por lo que surgi\u00f3 la necesidad de escribir sus propias historias como <em>La tirisia.<\/em><\/p>\n\n\n\n<p>Por su parte, Taracena, egresado del Centro Universitario de Teatro, lament\u00f3 que en sus inicios prefiri\u00f3 dedicarse a teatro de calidad durante diez a\u00f1os, en vez de hacerla de delincuente o malviviente que eran los trabajos que le ofrec\u00edan en telenovelas.<\/p>\n\n\n\n<p>A su vez, Nicol\u00e1s Rojas, ganador del Ariel por su cortometraje<em> M\u00fasica para despu\u00e9s de dormir<\/em>, resalt\u00f3 que resulta m\u00e1s dif\u00edcil levantar un proyecto sobre un tema ind\u00edgena, pues los trabajos est\u00e1n muy condicionados y deben competir con comedias comerciales.<\/p>\n\n\n\n<p>Taracena explic\u00f3 que tras el surgimiento del Ej\u00e9rcito Zapatista de Liberaci\u00f3n Nacional, los realizadores se acercaron m\u00e1s a la realidad de las comunidades ind\u00edgenas, como es el caso de <em>El viol\u00edn de Francisco Vargas<\/em> y recomend\u00f3 <em>La carga de Alan Jonsson<\/em>, sobre un tameme en tiempos de la colonia, y que est\u00e1 en plataformas en la actualidad.<\/p>\n\n\n\n<p>\u00c1ngeles se lament\u00f3 de que a pesar de las buenas intenciones de algunos realizadores que no pertenecen a las comunidades, \u201csus miradas siguen siendo externas\u201d.<\/p>\n\n\n\n<p>Los tres concluyeron que todav\u00eda hay mucho por hacer respecto al cine ind\u00edgena. El programa se puede ver en el canal de Youtube de la UNAM. &nbsp; &nbsp;<\/p>\n","protected":false},"excerpt":{"rendered":"<p>Miradas ind\u00edgenas La sexta sesi\u00f3n de la tercera temporada de Jueves de Cine en la Casa Bu\u00f1uel, estuvo dedicada a Los pueblos originarios en el cine y cont\u00f3 con tres dignos representantes, la actriz, guionista y directora \u00c1ngeles Cruz, el espl\u00e9ndido actor Gerardo Taracena y el realizador Nicol\u00e1s Rojas. \u00c1ngeles denunci\u00f3 el predominio de estereotipos [&hellip;]<\/p>\n","protected":false},"author":96,"featured_media":166567,"comment_status":"closed","ping_status":"open","sticky":false,"template":"","format":"standard","meta":{"footnotes":""},"categories":[41,54,42],"tags":[],"class_list":["post-166566","post","type-post","status-publish","format-standard","has-post-thumbnail","hentry","category-arteria-cultural","category-jorge-carrasco","category-nuestrapalabra"],"_links":{"self":[{"href":"https:\/\/plazajuarez.mx\/historico\/wp-json\/wp\/v2\/posts\/166566","targetHints":{"allow":["GET"]}}],"collection":[{"href":"https:\/\/plazajuarez.mx\/historico\/wp-json\/wp\/v2\/posts"}],"about":[{"href":"https:\/\/plazajuarez.mx\/historico\/wp-json\/wp\/v2\/types\/post"}],"author":[{"embeddable":true,"href":"https:\/\/plazajuarez.mx\/historico\/wp-json\/wp\/v2\/users\/96"}],"replies":[{"embeddable":true,"href":"https:\/\/plazajuarez.mx\/historico\/wp-json\/wp\/v2\/comments?post=166566"}],"version-history":[{"count":0,"href":"https:\/\/plazajuarez.mx\/historico\/wp-json\/wp\/v2\/posts\/166566\/revisions"}],"wp:featuredmedia":[{"embeddable":true,"href":"https:\/\/plazajuarez.mx\/historico\/wp-json\/wp\/v2\/media\/166567"}],"wp:attachment":[{"href":"https:\/\/plazajuarez.mx\/historico\/wp-json\/wp\/v2\/media?parent=166566"}],"wp:term":[{"taxonomy":"category","embeddable":true,"href":"https:\/\/plazajuarez.mx\/historico\/wp-json\/wp\/v2\/categories?post=166566"},{"taxonomy":"post_tag","embeddable":true,"href":"https:\/\/plazajuarez.mx\/historico\/wp-json\/wp\/v2\/tags?post=166566"}],"curies":[{"name":"wp","href":"https:\/\/api.w.org\/{rel}","templated":true}]}}