{"id":166558,"date":"2021-06-05T09:53:08","date_gmt":"2021-06-05T14:53:08","guid":{"rendered":"https:\/\/plazajuarez.mx\/?p=166558"},"modified":"2021-06-05T09:53:19","modified_gmt":"2021-06-05T14:53:19","slug":"checo-perez-muy-contento-ha-sido-mi-mejor-viernes-del-ano","status":"publish","type":"post","link":"https:\/\/plazajuarez.mx\/historico\/checo-perez-muy-contento-ha-sido-mi-mejor-viernes-del-ano\/","title":{"rendered":"&#8216;Checo&#8217; P\u00e9rez: &#8220;Muy contento, ha sido mi mejor viernes del a\u00f1o&#8221;"},"content":{"rendered":"\n<p>El mexicano Sergio P\u00e9rez (Red Bull), que fue el mejor este viernes en los entrenamientos libres para el Gran Premio de Azerbaiy\u00e1n, el sexto del Mundial de F\u00f3rmula Uno, manifest\u00f3 en el circuito de Baku, que est\u00e1 &#8220;muy contento&#8221; con el que consider\u00f3 su &#8220;mejor viernes del a\u00f1o&#8221;.<\/p>\n\n\n\n<p>&#8220;Estoy contento con la jornada y creo que hemos progresado de forma clara. Hicimos un muy buen an\u00e1lisis despu\u00e9s de M\u00f3naco y hoy not\u00e9 que entiendo mejor el coche y la manera en la que lo tengo que pilotar&#8221;, manifest\u00f3 &#8216;Checo&#8217;, nacido hace 31 a\u00f1os en Guadalajara (Jalisco), cuarto hace dos domingos en Montecarlo; y que en esta pista urbana -de largas rectas y con zonas sinuosas y estrechas- logr\u00f3 dos de los diez podios que cuenta en la categor\u00eda reina.<\/p>\n\n\n\n<p>&#8220;Creo que ha sido el mejor viernes de la temporada para m\u00ed&#8221;, coment\u00f3 el bravo piloto tapat\u00edo, que marc\u00f3 el cuarto tiempo en la primera sesi\u00f3n -en la que gir\u00f3 17 veces- y la vuelta r\u00e1pida del d\u00eda en la segunda -en la que dio 22-, al cubrir, con neum\u00e1tico blando, los 6.003 metros de la pista de Baku en un minuto, 42 segundos y 115 mil\u00e9simas, 101 menos que su compa\u00f1ero holand\u00e9s Max Verstappen, l\u00edder del Mundial.<\/p>\n\n\n\n<p>&#8220;Ha sido el viernes m\u00e1s completo en t\u00e9rminos de datos y en lo c\u00f3modo que me siento dentro del coche&#8221;, apunt\u00f3 el mexicano, que es quinto en el Mundial, con 44 puntos.<\/p>\n\n\n\n<p>&#8220;Ojal\u00e1 podamos sacar una vuelta limpia y buena en calificaci\u00f3n ma\u00f1ana, que es lo que importa; pero a\u00fan tenemos importante trabajo por hacer esta noche para mejorar e intentar encontrar m\u00e1s tiempo de vuelta&#8221;, coment\u00f3 &#8216;Checo&#8217; P\u00e9rez despu\u00e9s de marcar el mejor tiempo de la jornada este viernes en el circuito urbano de la capital de Azerbaiy\u00e1n.<\/p>\n","protected":false},"excerpt":{"rendered":"<p>El mexicano Sergio P\u00e9rez (Red Bull), que fue el mejor este viernes en los entrenamientos libres para el Gran Premio de Azerbaiy\u00e1n, el sexto del Mundial de F\u00f3rmula Uno, manifest\u00f3 en el circuito de Baku, que est\u00e1 &#8220;muy contento&#8221; con el que consider\u00f3 su &#8220;mejor viernes del a\u00f1o&#8221;. &#8220;Estoy contento con la jornada y creo [&hellip;]<\/p>\n","protected":false},"author":80,"featured_media":166559,"comment_status":"closed","ping_status":"open","sticky":false,"template":"","format":"standard","meta":{"footnotes":""},"categories":[39],"tags":[],"class_list":["post-166558","post","type-post","status-publish","format-standard","has-post-thumbnail","hentry","category-deportiva"],"_links":{"self":[{"href":"https:\/\/plazajuarez.mx\/historico\/wp-json\/wp\/v2\/posts\/166558","targetHints":{"allow":["GET"]}}],"collection":[{"href":"https:\/\/plazajuarez.mx\/historico\/wp-json\/wp\/v2\/posts"}],"about":[{"href":"https:\/\/plazajuarez.mx\/historico\/wp-json\/wp\/v2\/types\/post"}],"author":[{"embeddable":true,"href":"https:\/\/plazajuarez.mx\/historico\/wp-json\/wp\/v2\/users\/80"}],"replies":[{"embeddable":true,"href":"https:\/\/plazajuarez.mx\/historico\/wp-json\/wp\/v2\/comments?post=166558"}],"version-history":[{"count":0,"href":"https:\/\/plazajuarez.mx\/historico\/wp-json\/wp\/v2\/posts\/166558\/revisions"}],"wp:featuredmedia":[{"embeddable":true,"href":"https:\/\/plazajuarez.mx\/historico\/wp-json\/wp\/v2\/media\/166559"}],"wp:attachment":[{"href":"https:\/\/plazajuarez.mx\/historico\/wp-json\/wp\/v2\/media?parent=166558"}],"wp:term":[{"taxonomy":"category","embeddable":true,"href":"https:\/\/plazajuarez.mx\/historico\/wp-json\/wp\/v2\/categories?post=166558"},{"taxonomy":"post_tag","embeddable":true,"href":"https:\/\/plazajuarez.mx\/historico\/wp-json\/wp\/v2\/tags?post=166558"}],"curies":[{"name":"wp","href":"https:\/\/api.w.org\/{rel}","templated":true}]}}