{"id":166545,"date":"2021-06-05T09:34:05","date_gmt":"2021-06-05T14:34:05","guid":{"rendered":"https:\/\/plazajuarez.mx\/?p=166545"},"modified":"2021-06-05T09:34:17","modified_gmt":"2021-06-05T14:34:17","slug":"en-la-avenida-madero-choca-una-ambulancia-trasladaba-a-paciente","status":"publish","type":"post","link":"https:\/\/plazajuarez.mx\/historico\/en-la-avenida-madero-choca-una-ambulancia-trasladaba-a-paciente\/","title":{"rendered":"En la Avenida Madero, choca una Ambulancia; trasladaba a paciente"},"content":{"rendered":"\n<p>La ma\u00f1ana de ayer a las 08:00 horas en la Avenida Madero, a la altura del centro de Salud de Pachuca se registr\u00f3 un choque, donde se vio involucrada una ambulancia del grupo Arther de San Agust\u00edn Tlaxiaca que trasladaba a un paciente.<\/p>\n\n\n\n<p>La ambulancia de San Agust\u00edn Tlaxiaca, llevaba al volante a quien se identific\u00f3 con las iniciales D.O.M., que realizaba traslado de una persona que posteriormente fue llevada en ambulancia del Cuerpo de Bomberos de Hidalgo al Hospital General de Pachuca.<\/p>\n\n\n\n<p>El choque por corte de circulaci\u00f3n, fue con un Chevrolet Corsa rojo, con placas de circulaci\u00f3n de Hidalgo, cuyo conductor J.E.M., de 42 a\u00f1os, circulaba en compa\u00f1\u00eda de J.C.P. y E.M.V., quienes resultaron con golpes contusos, por lo que fueron valorados.<\/p>\n","protected":false},"excerpt":{"rendered":"<p>La ma\u00f1ana de ayer a las 08:00 horas en la Avenida Madero, a la altura del centro de Salud de Pachuca se registr\u00f3 un choque, donde se vio involucrada una ambulancia del grupo Arther de San Agust\u00edn Tlaxiaca que trasladaba a un paciente. La ambulancia de San Agust\u00edn Tlaxiaca, llevaba al volante a quien se [&hellip;]<\/p>\n","protected":false},"author":93,"featured_media":166547,"comment_status":"closed","ping_status":"open","sticky":false,"template":"","format":"standard","meta":{"footnotes":""},"categories":[37],"tags":[],"class_list":["post-166545","post","type-post","status-publish","format-standard","has-post-thumbnail","hentry","category-barandilla"],"_links":{"self":[{"href":"https:\/\/plazajuarez.mx\/historico\/wp-json\/wp\/v2\/posts\/166545","targetHints":{"allow":["GET"]}}],"collection":[{"href":"https:\/\/plazajuarez.mx\/historico\/wp-json\/wp\/v2\/posts"}],"about":[{"href":"https:\/\/plazajuarez.mx\/historico\/wp-json\/wp\/v2\/types\/post"}],"author":[{"embeddable":true,"href":"https:\/\/plazajuarez.mx\/historico\/wp-json\/wp\/v2\/users\/93"}],"replies":[{"embeddable":true,"href":"https:\/\/plazajuarez.mx\/historico\/wp-json\/wp\/v2\/comments?post=166545"}],"version-history":[{"count":0,"href":"https:\/\/plazajuarez.mx\/historico\/wp-json\/wp\/v2\/posts\/166545\/revisions"}],"wp:featuredmedia":[{"embeddable":true,"href":"https:\/\/plazajuarez.mx\/historico\/wp-json\/wp\/v2\/media\/166547"}],"wp:attachment":[{"href":"https:\/\/plazajuarez.mx\/historico\/wp-json\/wp\/v2\/media?parent=166545"}],"wp:term":[{"taxonomy":"category","embeddable":true,"href":"https:\/\/plazajuarez.mx\/historico\/wp-json\/wp\/v2\/categories?post=166545"},{"taxonomy":"post_tag","embeddable":true,"href":"https:\/\/plazajuarez.mx\/historico\/wp-json\/wp\/v2\/tags?post=166545"}],"curies":[{"name":"wp","href":"https:\/\/api.w.org\/{rel}","templated":true}]}}