{"id":166542,"date":"2021-06-05T09:31:56","date_gmt":"2021-06-05T14:31:56","guid":{"rendered":"https:\/\/plazajuarez.mx\/?p=166542"},"modified":"2021-06-05T09:32:14","modified_gmt":"2021-06-05T14:32:14","slug":"hallaron-a-joven-mujer-sin-vida-en-paseos-de-la-plata","status":"publish","type":"post","link":"https:\/\/plazajuarez.mx\/historico\/hallaron-a-joven-mujer-sin-vida-en-paseos-de-la-plata\/","title":{"rendered":"Hallaron a joven mujer sin vida en Paseos de la Plata"},"content":{"rendered":"\n<p>El jueves en la calle \u00d3palo del fraccionamiento Paseos de la Plata de Pachuca, una mujer, originaria de Villa de Tezontepec, fue hallada sin vida y el hecho gener\u00f3 movilizaci\u00f3n policial, ya que se presum\u00eda que se trat\u00f3 de un homicidio.<\/p>\n\n\n\n<p>El padre de Esmeralda \u201cN\u201d de 23 a\u00f1os, alert\u00f3 a las autoridades y solicit\u00f3 apoyo al 911 de Emergencias.<\/p>\n\n\n\n<p>Oficiales fueron enterados que el marido golpe\u00f3 a la mujer, que se hab\u00eda dado a la fuga, dejando cerrada la casa.<\/p>\n\n\n\n<p>Fue necesario forzar la chapa de la puerta para llegar al interior de la casa, donde se localiz\u00f3 el cuerpo sin vida de la infortunada.<\/p>\n\n\n\n<p>Marcelino \u201cG\u201d padre de la v\u00edctima responsabiliz\u00f3 de la muerte a Ulises, pareja sentimental de Esmeralda, pues dijo que habr\u00eda golpeado a la mujer hasta que perdi\u00f3 la vida.<\/p>\n\n\n\n<p>Ayer trascendi\u00f3 que el cuerpo de Esmeralda no present\u00f3 huellas de violencia f\u00edsica, ni sexual y se asegura que su deceso fue producto de un infarto fulminante al miocardio.<\/p>\n\n\n\n<p>La Procuradur\u00eda habr\u00eda dado inici\u00f3 la investigaci\u00f3n, bajo protocolo de feminicidio.<\/p>\n","protected":false},"excerpt":{"rendered":"<p>El jueves en la calle \u00d3palo del fraccionamiento Paseos de la Plata de Pachuca, una mujer, originaria de Villa de Tezontepec, fue hallada sin vida y el hecho gener\u00f3 movilizaci\u00f3n policial, ya que se presum\u00eda que se trat\u00f3 de un homicidio. El padre de Esmeralda \u201cN\u201d de 23 a\u00f1os, alert\u00f3 a las autoridades y solicit\u00f3 [&hellip;]<\/p>\n","protected":false},"author":93,"featured_media":166543,"comment_status":"closed","ping_status":"open","sticky":false,"template":"","format":"standard","meta":{"footnotes":""},"categories":[37],"tags":[],"class_list":["post-166542","post","type-post","status-publish","format-standard","has-post-thumbnail","hentry","category-barandilla"],"_links":{"self":[{"href":"https:\/\/plazajuarez.mx\/historico\/wp-json\/wp\/v2\/posts\/166542","targetHints":{"allow":["GET"]}}],"collection":[{"href":"https:\/\/plazajuarez.mx\/historico\/wp-json\/wp\/v2\/posts"}],"about":[{"href":"https:\/\/plazajuarez.mx\/historico\/wp-json\/wp\/v2\/types\/post"}],"author":[{"embeddable":true,"href":"https:\/\/plazajuarez.mx\/historico\/wp-json\/wp\/v2\/users\/93"}],"replies":[{"embeddable":true,"href":"https:\/\/plazajuarez.mx\/historico\/wp-json\/wp\/v2\/comments?post=166542"}],"version-history":[{"count":0,"href":"https:\/\/plazajuarez.mx\/historico\/wp-json\/wp\/v2\/posts\/166542\/revisions"}],"wp:featuredmedia":[{"embeddable":true,"href":"https:\/\/plazajuarez.mx\/historico\/wp-json\/wp\/v2\/media\/166543"}],"wp:attachment":[{"href":"https:\/\/plazajuarez.mx\/historico\/wp-json\/wp\/v2\/media?parent=166542"}],"wp:term":[{"taxonomy":"category","embeddable":true,"href":"https:\/\/plazajuarez.mx\/historico\/wp-json\/wp\/v2\/categories?post=166542"},{"taxonomy":"post_tag","embeddable":true,"href":"https:\/\/plazajuarez.mx\/historico\/wp-json\/wp\/v2\/tags?post=166542"}],"curies":[{"name":"wp","href":"https:\/\/api.w.org\/{rel}","templated":true}]}}