{"id":166538,"date":"2021-06-05T09:29:50","date_gmt":"2021-06-05T14:29:50","guid":{"rendered":"https:\/\/plazajuarez.mx\/?p=166538"},"modified":"2021-06-05T09:30:07","modified_gmt":"2021-06-05T14:30:07","slug":"policias-marcharon-y-provocaron-caos-vehicular-exigen-mejoras","status":"publish","type":"post","link":"https:\/\/plazajuarez.mx\/historico\/policias-marcharon-y-provocaron-caos-vehicular-exigen-mejoras\/","title":{"rendered":"Polic\u00edas marcharon y provocaron caos vehicular; exigen mejoras"},"content":{"rendered":"\n<p>Al mediod\u00eda de ayer, un nutrido grupo de polic\u00edas estatales con apoyo de oficiales de la Polic\u00eda Municipal de Pachuca y familiares realizaron una marcha que inici\u00f3 a las afueras del Complejo Deportivo Revoluci\u00f3n, hasta llegar a Palacio de Gobierno, para finalmente cerrar los accesos de la Glorieta Hidalgo, lo que provoc\u00f3 un tremendo caos vehicular.<\/p>\n\n\n\n<p>La protesta que realizaron los guardianes de la ley, fue para exigir mejores prestaciones y herramientas para el desempe\u00f1o de sus funciones.<\/p>\n\n\n\n<p>Durante un lapso previo al inicio de la marcha los uniformados detallaron que ya tienen varios a\u00f1os en que no se les otorgan mejoras a sus derechos laborales y aunque se han realizado las peticiones a las autoridades correspondientes, llevan a\u00f1os sin recibir respuestas positivas.<\/p>\n\n\n\n<p>Adem\u00e1s destacaron que ganan muy poco, que ellos mismos en la mayor\u00eda de las ocasiones tienen que gastar en enseres para su desempe\u00f1o, incluso, en hojas y copias para entregar las novedades a sus superiores.<\/p>\n\n\n\n<p>Otra exigencia fue la de revalorar y aumentar la cantidad que se les otorga con los vales, ya que son insuficientes.<\/p>\n\n\n\n<p>Tambi\u00e9n pidieron que realicen ascensos con base al desempe\u00f1o y antig\u00fcedad, ya que quienes verdaderamente se lo han ganado dejaron de asumir los grados que quedan vacantes, ya que la pol\u00edtica actual no es por promoci\u00f3n, sino por amiguismo y por compadrazgos.<\/p>\n\n\n\n<p>En la marcha exhibieron pancartas con diversas leyendas, en una de ellas se describi\u00f3: \u201cSe\u00f1or Gobernador, los que arriesgan la vida somos nosotros siguiendo \u00f3rdenes, sin embargo para la ciudadan\u00eda nosotros somos malos. Solicitamos atiendan nuestras peticiones\u201d.<\/p>\n","protected":false},"excerpt":{"rendered":"<p>Al mediod\u00eda de ayer, un nutrido grupo de polic\u00edas estatales con apoyo de oficiales de la Polic\u00eda Municipal de Pachuca y familiares realizaron una marcha que inici\u00f3 a las afueras del Complejo Deportivo Revoluci\u00f3n, hasta llegar a Palacio de Gobierno, para finalmente cerrar los accesos de la Glorieta Hidalgo, lo que provoc\u00f3 un tremendo caos [&hellip;]<\/p>\n","protected":false},"author":93,"featured_media":166539,"comment_status":"closed","ping_status":"open","sticky":false,"template":"","format":"standard","meta":{"footnotes":""},"categories":[37],"tags":[],"class_list":["post-166538","post","type-post","status-publish","format-standard","has-post-thumbnail","hentry","category-barandilla"],"_links":{"self":[{"href":"https:\/\/plazajuarez.mx\/historico\/wp-json\/wp\/v2\/posts\/166538","targetHints":{"allow":["GET"]}}],"collection":[{"href":"https:\/\/plazajuarez.mx\/historico\/wp-json\/wp\/v2\/posts"}],"about":[{"href":"https:\/\/plazajuarez.mx\/historico\/wp-json\/wp\/v2\/types\/post"}],"author":[{"embeddable":true,"href":"https:\/\/plazajuarez.mx\/historico\/wp-json\/wp\/v2\/users\/93"}],"replies":[{"embeddable":true,"href":"https:\/\/plazajuarez.mx\/historico\/wp-json\/wp\/v2\/comments?post=166538"}],"version-history":[{"count":0,"href":"https:\/\/plazajuarez.mx\/historico\/wp-json\/wp\/v2\/posts\/166538\/revisions"}],"wp:featuredmedia":[{"embeddable":true,"href":"https:\/\/plazajuarez.mx\/historico\/wp-json\/wp\/v2\/media\/166539"}],"wp:attachment":[{"href":"https:\/\/plazajuarez.mx\/historico\/wp-json\/wp\/v2\/media?parent=166538"}],"wp:term":[{"taxonomy":"category","embeddable":true,"href":"https:\/\/plazajuarez.mx\/historico\/wp-json\/wp\/v2\/categories?post=166538"},{"taxonomy":"post_tag","embeddable":true,"href":"https:\/\/plazajuarez.mx\/historico\/wp-json\/wp\/v2\/tags?post=166538"}],"curies":[{"name":"wp","href":"https:\/\/api.w.org\/{rel}","templated":true}]}}