{"id":166530,"date":"2021-06-05T08:58:07","date_gmt":"2021-06-05T13:58:07","guid":{"rendered":"https:\/\/plazajuarez.mx\/?p=166530"},"modified":"2021-06-05T08:58:21","modified_gmt":"2021-06-05T13:58:21","slug":"camioneta-brinca-al-otro-carril-y-choca-contra-jetta","status":"publish","type":"post","link":"https:\/\/plazajuarez.mx\/historico\/camioneta-brinca-al-otro-carril-y-choca-contra-jetta\/","title":{"rendered":"Camioneta brinca al otro carril y choca contra Jetta"},"content":{"rendered":"\n<p>El pasado jueves se registr\u00f3 un accidente de tr\u00e1nsito sobre el circuito Chapultepec, en el que estuvieron involucrados dos veh\u00edculos, a causa de una camioneta que sali\u00f3 de su carril hasta impactar al veh\u00edculo que ven\u00eda circulando en el sentido contrario.<\/p>\n\n\n\n<p>Elementos de Seguridad P\u00fablica de Tulancingo se percataron del accidente alrededor de las 06:00 horas, justo en el cruce de las calles 7 de Febrero y Cantera, en la colonia El Para\u00edso Norte.<\/p>\n\n\n\n<p>Los autom\u00f3viles involucrados fueron una camioneta Pick up, Ford F150 color rojo, de modelo atrasado, y un Volkswagen, Jetta color gris.<\/p>\n\n\n\n<p>La camioneta sali\u00f3 de su carril e impact\u00f3 en la parte lateral del auto compacto, quedando montada sobre el camell\u00f3n y sostenida por el autom\u00f3vil.<\/p>\n\n\n\n<p>El conductor del auto Volkswagen fue trasladado a la cl\u00ednica 2 del Instituto Mexicano del Seguro Social, a bordo de la ambulancia de la direcci\u00f3n de Bomberos y Protecci\u00f3n Civil, mientras que el de la camioneta fue atendido por param\u00e9dicos de la Cruz Roja.<\/p>\n\n\n\n<p>El incidente qued\u00f3 a cargo de Polic\u00eda Estatal, al ser una vialidad bajo su responsabilidad.<\/p>\n","protected":false},"excerpt":{"rendered":"<p>El pasado jueves se registr\u00f3 un accidente de tr\u00e1nsito sobre el circuito Chapultepec, en el que estuvieron involucrados dos veh\u00edculos, a causa de una camioneta que sali\u00f3 de su carril hasta impactar al veh\u00edculo que ven\u00eda circulando en el sentido contrario. Elementos de Seguridad P\u00fablica de Tulancingo se percataron del accidente alrededor de las 06:00 [&hellip;]<\/p>\n","protected":false},"author":70,"featured_media":166531,"comment_status":"closed","ping_status":"open","sticky":false,"template":"","format":"standard","meta":{"footnotes":""},"categories":[40],"tags":[],"class_list":["post-166530","post","type-post","status-publish","format-standard","has-post-thumbnail","hentry","category-region"],"_links":{"self":[{"href":"https:\/\/plazajuarez.mx\/historico\/wp-json\/wp\/v2\/posts\/166530","targetHints":{"allow":["GET"]}}],"collection":[{"href":"https:\/\/plazajuarez.mx\/historico\/wp-json\/wp\/v2\/posts"}],"about":[{"href":"https:\/\/plazajuarez.mx\/historico\/wp-json\/wp\/v2\/types\/post"}],"author":[{"embeddable":true,"href":"https:\/\/plazajuarez.mx\/historico\/wp-json\/wp\/v2\/users\/70"}],"replies":[{"embeddable":true,"href":"https:\/\/plazajuarez.mx\/historico\/wp-json\/wp\/v2\/comments?post=166530"}],"version-history":[{"count":0,"href":"https:\/\/plazajuarez.mx\/historico\/wp-json\/wp\/v2\/posts\/166530\/revisions"}],"wp:featuredmedia":[{"embeddable":true,"href":"https:\/\/plazajuarez.mx\/historico\/wp-json\/wp\/v2\/media\/166531"}],"wp:attachment":[{"href":"https:\/\/plazajuarez.mx\/historico\/wp-json\/wp\/v2\/media?parent=166530"}],"wp:term":[{"taxonomy":"category","embeddable":true,"href":"https:\/\/plazajuarez.mx\/historico\/wp-json\/wp\/v2\/categories?post=166530"},{"taxonomy":"post_tag","embeddable":true,"href":"https:\/\/plazajuarez.mx\/historico\/wp-json\/wp\/v2\/tags?post=166530"}],"curies":[{"name":"wp","href":"https:\/\/api.w.org\/{rel}","templated":true}]}}