{"id":166137,"date":"2021-06-02T10:52:37","date_gmt":"2021-06-02T15:52:37","guid":{"rendered":"https:\/\/plazajuarez.mx\/?p=166137"},"modified":"2021-06-02T10:52:59","modified_gmt":"2021-06-02T15:52:59","slug":"israel-convoca-ahora-a-embajador-argentino","status":"publish","type":"post","link":"https:\/\/plazajuarez.mx\/historico\/israel-convoca-ahora-a-embajador-argentino\/","title":{"rendered":"Israel convoca ahora a embajador argentino"},"content":{"rendered":"\n<p>Esto forma parte de una pol\u00edtica habitual israel\u00ed de intentar presionar al mundo para que le apoyen en organizaciones internacionales.<\/p>\n\n\n\n<p>EFE.-El Gobierno de Israel convoc\u00f3 ayer al embajador de Argentina, Sergio Urribarri, por el apoyo de ese pa\u00eds a la creaci\u00f3n de una comisi\u00f3n por parte del Consejo de Derechos Humanos de la ONU para investigar la reciente escalada b\u00e9lica con las milicias palestinas de Gaza.<\/p>\n\n\n\n<p>&#8220;Es inconcebible que Argentina, que ha sufrido severos ataques terroristas de Ir\u00e1n y Hizbul\u00e1, no condene el terrorismo de Ham\u00e1s y apoye tal decisi\u00f3n&#8221;, se\u00f1al\u00f3 el Ministerio de Exteriores israel\u00ed en un comunicado.<\/p>\n\n\n\n<p>El encuentro tuvo lugar en la sede del ministerio en Jerusal\u00e9n y el representante israel\u00ed fue el director general adjunto para Am\u00e9rica Latina, el embajador Modi Ephraim.<\/p>\n\n\n\n<p>Durante la reuni\u00f3n, Ephraim &#8220;aclar\u00f3&#8221; al embajador que la decisi\u00f3n de Argentina ignora adem\u00e1s &#8220;el lanzamiento de 4.300 cohetes contra civiles israel\u00edes, y que eso es inaceptable para Israel&#8221; (Aqu\u00ed Israel no se refiere a las decenas de miles de cohetes que ellos lanzaron contra Gaza).<\/p>\n","protected":false},"excerpt":{"rendered":"<p>Esto forma parte de una pol\u00edtica habitual israel\u00ed de intentar presionar al mundo para que le apoyen en organizaciones internacionales. EFE.-El Gobierno de Israel convoc\u00f3 ayer al embajador de Argentina, Sergio Urribarri, por el apoyo de ese pa\u00eds a la creaci\u00f3n de una comisi\u00f3n por parte del Consejo de Derechos Humanos de la ONU para [&hellip;]<\/p>\n","protected":false},"author":80,"featured_media":166152,"comment_status":"closed","ping_status":"open","sticky":false,"template":"","format":"standard","meta":{"footnotes":""},"categories":[31],"tags":[],"class_list":["post-166137","post","type-post","status-publish","format-standard","has-post-thumbnail","hentry","category-orbe"],"_links":{"self":[{"href":"https:\/\/plazajuarez.mx\/historico\/wp-json\/wp\/v2\/posts\/166137","targetHints":{"allow":["GET"]}}],"collection":[{"href":"https:\/\/plazajuarez.mx\/historico\/wp-json\/wp\/v2\/posts"}],"about":[{"href":"https:\/\/plazajuarez.mx\/historico\/wp-json\/wp\/v2\/types\/post"}],"author":[{"embeddable":true,"href":"https:\/\/plazajuarez.mx\/historico\/wp-json\/wp\/v2\/users\/80"}],"replies":[{"embeddable":true,"href":"https:\/\/plazajuarez.mx\/historico\/wp-json\/wp\/v2\/comments?post=166137"}],"version-history":[{"count":0,"href":"https:\/\/plazajuarez.mx\/historico\/wp-json\/wp\/v2\/posts\/166137\/revisions"}],"wp:featuredmedia":[{"embeddable":true,"href":"https:\/\/plazajuarez.mx\/historico\/wp-json\/wp\/v2\/media\/166152"}],"wp:attachment":[{"href":"https:\/\/plazajuarez.mx\/historico\/wp-json\/wp\/v2\/media?parent=166137"}],"wp:term":[{"taxonomy":"category","embeddable":true,"href":"https:\/\/plazajuarez.mx\/historico\/wp-json\/wp\/v2\/categories?post=166137"},{"taxonomy":"post_tag","embeddable":true,"href":"https:\/\/plazajuarez.mx\/historico\/wp-json\/wp\/v2\/tags?post=166137"}],"curies":[{"name":"wp","href":"https:\/\/api.w.org\/{rel}","templated":true}]}}