{"id":166136,"date":"2021-06-02T10:50:57","date_gmt":"2021-06-02T15:50:57","guid":{"rendered":"https:\/\/plazajuarez.mx\/?p=166136"},"modified":"2021-06-02T10:51:17","modified_gmt":"2021-06-02T15:51:17","slug":"keiko-fujimori-de-la-carcel-a-la-presidencia","status":"publish","type":"post","link":"https:\/\/plazajuarez.mx\/historico\/keiko-fujimori-de-la-carcel-a-la-presidencia\/","title":{"rendered":"Keiko Fujimori, \u00bfde la c\u00e1rcel a la Presidencia?"},"content":{"rendered":"\n<p>EFE.- Pocos de los millones de peruanos que este domingo votar\u00e1n por Keiko Fujimori lo har\u00e1n con gusto por la candidata, se\u00f1alada como ejemplo paradigm\u00e1tico de todas las malas pr\u00e1cticas de la pol\u00edtica en Per\u00fa reconvertida ahora en la esperanza para salvar el &#8220;modelo&#8221; econ\u00f3mico y social instaurado por su padre (hoy en la c\u00e1rcel por corrupci\u00f3n).<\/p>\n\n\n\n<p>En pocos lugares ser\u00eda viable que una candidata acusada de los delitos de organizaci\u00f3n criminal y lavado de activos por los que la fiscal\u00eda pide 30 a\u00f1os de prisi\u00f3n, y que est\u00e1 a las puertas de un juicio que solo evitar\u00e1 si accede a la presidencia y obtiene inmunidad legal, est\u00e9 cerca de ganar una elecci\u00f3n democr\u00e1tica.<\/p>\n\n\n\n<p>Menos a\u00fan si esa candidata pas\u00f3 m\u00e1s de un a\u00f1o en prisi\u00f3n (octubre 2018- mayo 2020) ante el temor de la Justicia de que interfiriera con sus redes pol\u00edticas en las investigaciones que se siguen en su contra.<\/p>\n\n\n\n<p>Haber tenido responsabilidad directa en la crisis institucional y pol\u00edtica que Per\u00fa vivi\u00f3 durante el \u00faltimo lustro fruto de la labor desestabilizadora y obstruccionista que el partido Fuerza Popular hizo desde el Congreso bajo su f\u00e9rrea direcci\u00f3n no es tampoco una buena carta de presentaci\u00f3n.<\/p>\n\n\n\n<p>No ayuda tampoco que casi nadie, seg\u00fan las encuestas, conf\u00ede en su palabra.<\/p>\n","protected":false},"excerpt":{"rendered":"<p>EFE.- Pocos de los millones de peruanos que este domingo votar\u00e1n por Keiko Fujimori lo har\u00e1n con gusto por la candidata, se\u00f1alada como ejemplo paradigm\u00e1tico de todas las malas pr\u00e1cticas de la pol\u00edtica en Per\u00fa reconvertida ahora en la esperanza para salvar el &#8220;modelo&#8221; econ\u00f3mico y social instaurado por su padre (hoy en la c\u00e1rcel [&hellip;]<\/p>\n","protected":false},"author":80,"featured_media":166151,"comment_status":"closed","ping_status":"open","sticky":false,"template":"","format":"standard","meta":{"footnotes":""},"categories":[31],"tags":[],"class_list":["post-166136","post","type-post","status-publish","format-standard","has-post-thumbnail","hentry","category-orbe"],"_links":{"self":[{"href":"https:\/\/plazajuarez.mx\/historico\/wp-json\/wp\/v2\/posts\/166136","targetHints":{"allow":["GET"]}}],"collection":[{"href":"https:\/\/plazajuarez.mx\/historico\/wp-json\/wp\/v2\/posts"}],"about":[{"href":"https:\/\/plazajuarez.mx\/historico\/wp-json\/wp\/v2\/types\/post"}],"author":[{"embeddable":true,"href":"https:\/\/plazajuarez.mx\/historico\/wp-json\/wp\/v2\/users\/80"}],"replies":[{"embeddable":true,"href":"https:\/\/plazajuarez.mx\/historico\/wp-json\/wp\/v2\/comments?post=166136"}],"version-history":[{"count":0,"href":"https:\/\/plazajuarez.mx\/historico\/wp-json\/wp\/v2\/posts\/166136\/revisions"}],"wp:featuredmedia":[{"embeddable":true,"href":"https:\/\/plazajuarez.mx\/historico\/wp-json\/wp\/v2\/media\/166151"}],"wp:attachment":[{"href":"https:\/\/plazajuarez.mx\/historico\/wp-json\/wp\/v2\/media?parent=166136"}],"wp:term":[{"taxonomy":"category","embeddable":true,"href":"https:\/\/plazajuarez.mx\/historico\/wp-json\/wp\/v2\/categories?post=166136"},{"taxonomy":"post_tag","embeddable":true,"href":"https:\/\/plazajuarez.mx\/historico\/wp-json\/wp\/v2\/tags?post=166136"}],"curies":[{"name":"wp","href":"https:\/\/api.w.org\/{rel}","templated":true}]}}