{"id":166135,"date":"2021-06-02T10:48:21","date_gmt":"2021-06-02T15:48:21","guid":{"rendered":"https:\/\/plazajuarez.mx\/?p=166135"},"modified":"2021-06-02T10:48:42","modified_gmt":"2021-06-02T15:48:42","slug":"luis-romo-quiere-emigrar-a-europa","status":"publish","type":"post","link":"https:\/\/plazajuarez.mx\/historico\/luis-romo-quiere-emigrar-a-europa\/","title":{"rendered":"Luis Romo quiere emigrar a Europa"},"content":{"rendered":"\n<p>\u00a0(EL UNIVERSAL).- El futbolista de La M\u00e1quina de Cruz Azul, Luis Romo, asegur\u00f3 que su deseo es emigrar al futbol de Europa, aunque, por ahora, solo est\u00e1 enfocado en lograr el bicampeonato con el equipo.<\/p>\n\n\n\n<p>&#8220;En este momento lo que me interesa es hacer un gran verano con la selecci\u00f3n y ojal\u00e1 de ah\u00ed se abran las puertas para salir a Europa&#8221;, dijo en entrevista con W Deportes.<\/p>\n\n\n\n<p>&#8220;Si no, esperar a ver qu\u00e9 pasa, me gustar\u00eda seguir en Cruz Azul y en caso de continuar pues buscar el bicampeonato, es ahora el objetivo primordial&#8221;.<\/p>\n\n\n\n<p>Romo indic\u00f3 que lo importante es que el cuadro cementero pudo acabar con la sequ\u00eda de 23 a\u00f1os sin un t\u00edtulo de liga.<\/p>\n\n\n\n<p>&#8220;Lo que me importante en este torneo es lo grupal, conseguir el objetivo de un campeonato y se consigui\u00f3, todo eso sirve para alimentar el ego pero hay que mantener los pies sobre la tierra&#8221;.<\/p>\n\n\n\n<p>&#8220;Es momento de soltar toda le presi\u00f3n, ese morbo que se viv\u00eda, es indescriptible lo que vivimos, el hecho de regresarle la grandeza a este club&#8221;, sentenci\u00f3.<\/p>\n","protected":false},"excerpt":{"rendered":"<p>\u00a0(EL UNIVERSAL).- El futbolista de La M\u00e1quina de Cruz Azul, Luis Romo, asegur\u00f3 que su deseo es emigrar al futbol de Europa, aunque, por ahora, solo est\u00e1 enfocado en lograr el bicampeonato con el equipo. &#8220;En este momento lo que me interesa es hacer un gran verano con la selecci\u00f3n y ojal\u00e1 de ah\u00ed se [&hellip;]<\/p>\n","protected":false},"author":81,"featured_media":166146,"comment_status":"closed","ping_status":"open","sticky":false,"template":"","format":"standard","meta":{"footnotes":""},"categories":[39],"tags":[],"class_list":["post-166135","post","type-post","status-publish","format-standard","has-post-thumbnail","hentry","category-deportiva"],"_links":{"self":[{"href":"https:\/\/plazajuarez.mx\/historico\/wp-json\/wp\/v2\/posts\/166135","targetHints":{"allow":["GET"]}}],"collection":[{"href":"https:\/\/plazajuarez.mx\/historico\/wp-json\/wp\/v2\/posts"}],"about":[{"href":"https:\/\/plazajuarez.mx\/historico\/wp-json\/wp\/v2\/types\/post"}],"author":[{"embeddable":true,"href":"https:\/\/plazajuarez.mx\/historico\/wp-json\/wp\/v2\/users\/81"}],"replies":[{"embeddable":true,"href":"https:\/\/plazajuarez.mx\/historico\/wp-json\/wp\/v2\/comments?post=166135"}],"version-history":[{"count":0,"href":"https:\/\/plazajuarez.mx\/historico\/wp-json\/wp\/v2\/posts\/166135\/revisions"}],"wp:featuredmedia":[{"embeddable":true,"href":"https:\/\/plazajuarez.mx\/historico\/wp-json\/wp\/v2\/media\/166146"}],"wp:attachment":[{"href":"https:\/\/plazajuarez.mx\/historico\/wp-json\/wp\/v2\/media?parent=166135"}],"wp:term":[{"taxonomy":"category","embeddable":true,"href":"https:\/\/plazajuarez.mx\/historico\/wp-json\/wp\/v2\/categories?post=166135"},{"taxonomy":"post_tag","embeddable":true,"href":"https:\/\/plazajuarez.mx\/historico\/wp-json\/wp\/v2\/tags?post=166135"}],"curies":[{"name":"wp","href":"https:\/\/api.w.org\/{rel}","templated":true}]}}