{"id":16595,"date":"2016-02-01T12:34:17","date_gmt":"2016-02-01T12:34:17","guid":{"rendered":"http:\/\/plazajuarez.mx\/index\/index.php\/2016\/02\/01\/doblete-de-los-murat\/"},"modified":"2016-02-01T12:34:17","modified_gmt":"2016-02-01T12:34:17","slug":"doblete-de-los-murat","status":"publish","type":"post","link":"https:\/\/plazajuarez.mx\/historico\/doblete-de-los-murat\/","title":{"rendered":"Doblete de los Murat"},"content":{"rendered":"<p>Bajo Reserva Expr\u00e9s\u00a0\u00a0 \u00a0<\/p>\n<p>  <!--more-->  <\/p>\n<p>Los dos Murat festejaron en grande este fin de semana. <br \/>El viernes pasado, el PRI anunci\u00f3 que Alejandro, ex director del Infonavit, es el virtual candidato a la gubernatura de Oaxaca. Y el s\u00e1bado se dej\u00f3 ver en la celebraci\u00f3n de cumplea\u00f1os de Daniel Gurri\u00f3n, quien fue presidente municipal de Juchit\u00e1n. <br \/>Don Daniel es hermano del ex diputado federal tricolor Samuel Gurri\u00f3n, quien aspiraba a la misma candidatura que finalmente consigui\u00f3 don Alejandro. <br \/>El s\u00e1bado por la noche, don Jos\u00e9, ex gobernador del estado, contrajo nupcias con Aurora Alc\u00e1ntara en la Ciudad de M\u00e9xico. <br \/>Semana redonda, pues, para padre e hijo: doblete de los Murat.\u00a0\u00a0 \u00a0\u00a0\u00a0 \u00a0<\/p>\n<p><\/p>\n","protected":false},"excerpt":{"rendered":"<p>Bajo Reserva Expr\u00e9s\u00a0\u00a0 \u00a0<\/p>\n","protected":false},"author":93,"featured_media":0,"comment_status":"open","ping_status":"open","sticky":false,"template":"","format":"standard","meta":{"footnotes":""},"categories":[42],"tags":[],"class_list":["post-16595","post","type-post","status-publish","format-standard","hentry","category-nuestrapalabra"],"_links":{"self":[{"href":"https:\/\/plazajuarez.mx\/historico\/wp-json\/wp\/v2\/posts\/16595","targetHints":{"allow":["GET"]}}],"collection":[{"href":"https:\/\/plazajuarez.mx\/historico\/wp-json\/wp\/v2\/posts"}],"about":[{"href":"https:\/\/plazajuarez.mx\/historico\/wp-json\/wp\/v2\/types\/post"}],"author":[{"embeddable":true,"href":"https:\/\/plazajuarez.mx\/historico\/wp-json\/wp\/v2\/users\/93"}],"replies":[{"embeddable":true,"href":"https:\/\/plazajuarez.mx\/historico\/wp-json\/wp\/v2\/comments?post=16595"}],"version-history":[{"count":0,"href":"https:\/\/plazajuarez.mx\/historico\/wp-json\/wp\/v2\/posts\/16595\/revisions"}],"wp:attachment":[{"href":"https:\/\/plazajuarez.mx\/historico\/wp-json\/wp\/v2\/media?parent=16595"}],"wp:term":[{"taxonomy":"category","embeddable":true,"href":"https:\/\/plazajuarez.mx\/historico\/wp-json\/wp\/v2\/categories?post=16595"},{"taxonomy":"post_tag","embeddable":true,"href":"https:\/\/plazajuarez.mx\/historico\/wp-json\/wp\/v2\/tags?post=16595"}],"curies":[{"name":"wp","href":"https:\/\/api.w.org\/{rel}","templated":true}]}}