{"id":16594,"date":"2016-02-01T12:33:15","date_gmt":"2016-02-01T12:33:15","guid":{"rendered":"http:\/\/plazajuarez.mx\/index\/index.php\/2016\/02\/01\/aislinn-y-ochmann-llegaran-al-altar-pronto\/"},"modified":"2016-02-01T12:33:15","modified_gmt":"2016-02-01T12:33:15","slug":"aislinn-y-ochmann-llegaran-al-altar-pronto","status":"publish","type":"post","link":"https:\/\/plazajuarez.mx\/historico\/aislinn-y-ochmann-llegaran-al-altar-pronto\/","title":{"rendered":"Aislinn y Ochmann llegar\u00e1n al altar pronto"},"content":{"rendered":"<p>Eugenio Derbez asegur\u00f3 que ten\u00eda miedo de ese d\u00eda, que cada vez est\u00e1 m\u00e1s cerca &#8220;Aunque la vean en las revistas muy maquillada y como toda una mujer, es una ni\u00f1a, mi beb\u00e9&#8221;\u00a0\u00a0\u00a0\u00a0\u00a0\u00a0\u00a0\u00a0<\/p>\n<p>  <!--more-->  <\/p>\n<p>\u00a0<\/p>\n<p>Fue en noviembre cuando se supo que los actores Aislinn Derbez y Mauricio Ochmann se comprometieron en matrimonio, a partir de ese momento se especul\u00f3 la fecha en la que la pareja llegar\u00eda al altar.<\/p>\n<p>Seg\u00fan la revista Hola, los actores se casar\u00e1n el 28 de mayo en Tepoztl\u00e1n, en el estado de Morelos, en donde tendr\u00e1n una gran celebraci\u00f3n de tres d\u00edas acompa\u00f1ados por familiares y amigos.<\/p>\n<p>Hasta el momento, no se ha confirmado una segunda celebraci\u00f3n en Estados Unidos, como hab\u00eda comentado Eugenio Derbez hace unas semanas al programa \u201cVentaneando\u201d.<\/p>\n<p>En ese entonces, el pap\u00e1 de Aislinn asegur\u00f3 que ten\u00eda miedo de ese d\u00eda, que cada vez est\u00e1 m\u00e1s cerca. &#8220;Aunque la vean en las revistas muy maquillada y como toda una mujer, es una ni\u00f1a, mi beb\u00e9&#8221;, dijo nost\u00e1lgico al vespertino de Pati Chapoy.<\/p>\n<p>Y aunque hasta el momento ni Aislinn ni Mauricio han confirmado de viva voz la fecha, s\u00ed se esperaba que la boda fuera en los primeros meses de este a\u00f1o.<\/p>\n","protected":false},"excerpt":{"rendered":"<p>Eugenio Derbez asegur\u00f3 que ten\u00eda miedo de ese d\u00eda, que cada vez est\u00e1 m\u00e1s cerca &#8220;Aunque la vean en las revistas muy maquillada y como toda una mujer, es una ni\u00f1a, mi beb\u00e9&#8221;\u00a0\u00a0\u00a0\u00a0\u00a0\u00a0\u00a0\u00a0<\/p>\n","protected":false},"author":93,"featured_media":0,"comment_status":"open","ping_status":"open","sticky":false,"template":"","format":"standard","meta":{"footnotes":""},"categories":[38],"tags":[],"class_list":["post-16594","post","type-post","status-publish","format-standard","hentry","category-show"],"_links":{"self":[{"href":"https:\/\/plazajuarez.mx\/historico\/wp-json\/wp\/v2\/posts\/16594","targetHints":{"allow":["GET"]}}],"collection":[{"href":"https:\/\/plazajuarez.mx\/historico\/wp-json\/wp\/v2\/posts"}],"about":[{"href":"https:\/\/plazajuarez.mx\/historico\/wp-json\/wp\/v2\/types\/post"}],"author":[{"embeddable":true,"href":"https:\/\/plazajuarez.mx\/historico\/wp-json\/wp\/v2\/users\/93"}],"replies":[{"embeddable":true,"href":"https:\/\/plazajuarez.mx\/historico\/wp-json\/wp\/v2\/comments?post=16594"}],"version-history":[{"count":0,"href":"https:\/\/plazajuarez.mx\/historico\/wp-json\/wp\/v2\/posts\/16594\/revisions"}],"wp:attachment":[{"href":"https:\/\/plazajuarez.mx\/historico\/wp-json\/wp\/v2\/media?parent=16594"}],"wp:term":[{"taxonomy":"category","embeddable":true,"href":"https:\/\/plazajuarez.mx\/historico\/wp-json\/wp\/v2\/categories?post=16594"},{"taxonomy":"post_tag","embeddable":true,"href":"https:\/\/plazajuarez.mx\/historico\/wp-json\/wp\/v2\/tags?post=16594"}],"curies":[{"name":"wp","href":"https:\/\/api.w.org\/{rel}","templated":true}]}}