{"id":16593,"date":"2016-02-01T12:32:58","date_gmt":"2016-02-01T12:32:58","guid":{"rendered":"http:\/\/plazajuarez.mx\/index\/index.php\/2016\/02\/01\/aseguran-que-irina-y-cooper-terminaron\/"},"modified":"2016-02-01T12:32:58","modified_gmt":"2016-02-01T12:32:58","slug":"aseguran-que-irina-y-cooper-terminaron","status":"publish","type":"post","link":"https:\/\/plazajuarez.mx\/historico\/aseguran-que-irina-y-cooper-terminaron\/","title":{"rendered":"Aseguran que Irina y Cooper terminaron"},"content":{"rendered":"<p>Un amigo cercano a la pareja asegura que en las pasadas vacaciones de Navidad, Irina y Gloria Campano, mam\u00e1 de Cooper, protagonizaron una fuerte discusi\u00f3n que culmin\u00f3 en la separaci\u00f3n de la pareja<\/p>\n<p>  <!--more-->  <\/p>\n<p>\u00a0<\/p>\n<p>La relaci\u00f3n entre Irina Shayk y Bradley Cooper podr\u00eda haber llegado a su fin.<\/p>\n<p>La pareja, una de las m\u00e1s medi\u00e1ticas y de las que ha causado m\u00e1s revuelo en el mundo de la far\u00e1ndula, habr\u00eda terminado a causa de la mala relaci\u00f3n entre la modelo y la madre del actor.<\/p>\n<p>De acuerdo a &#8220;The Daily Mail&#8221;, un amigo cercano a la pareja asegura que en las pasadas vacaciones de Navidad, Irina y Gloria Campano, mam\u00e1 de Cooper, protagonizaron una fuerte discusi\u00f3n que culmin\u00f3 en la separaci\u00f3n de la pareja.<\/p>\n<p>&#8220;Pasaron Navidad juntos en Los \u00c1ngeles, pero las discusiones entre ellos comenzaron principalmente por la relaci\u00f3n de Irina con la madre de Bradley&#8221;, asegura la fuente.<\/p>\n<p>Seg\u00fan se\u00f1alan, las discusiones entre Irina y Bradley se agudizaron cuando ya hasta hab\u00eda planes de vivir juntos; la relaci\u00f3n entre el actor y su madre es muy buena y cercana, por lo que Cooper habr\u00eda tomado partido por su mam\u00e1.<\/p>\n<p>&#8220;Eso caus\u00f3 una fricci\u00f3n entre Bradley e Irina porque \u00e9l tiene una relaci\u00f3n muy estrecha con su madre&#8221;, se\u00f1alan.<\/p>\n<p>La \u00faltima vez que se les vio juntos fue la v\u00edspera de Navidad, cuando acudieron a un lujoso hotel de Malib\u00fa para cenar en el restaurante Nobu.<\/p>\n<p>Irina y Cooper est\u00e1n juntos desde abril del 2015.<\/p>\n","protected":false},"excerpt":{"rendered":"<p>Un amigo cercano a la pareja asegura que en las pasadas vacaciones de Navidad, Irina y Gloria Campano, mam\u00e1 de Cooper, protagonizaron una fuerte discusi\u00f3n que culmin\u00f3 en la separaci\u00f3n de la pareja<\/p>\n","protected":false},"author":93,"featured_media":0,"comment_status":"open","ping_status":"open","sticky":false,"template":"","format":"standard","meta":{"footnotes":""},"categories":[38],"tags":[],"class_list":["post-16593","post","type-post","status-publish","format-standard","hentry","category-show"],"_links":{"self":[{"href":"https:\/\/plazajuarez.mx\/historico\/wp-json\/wp\/v2\/posts\/16593","targetHints":{"allow":["GET"]}}],"collection":[{"href":"https:\/\/plazajuarez.mx\/historico\/wp-json\/wp\/v2\/posts"}],"about":[{"href":"https:\/\/plazajuarez.mx\/historico\/wp-json\/wp\/v2\/types\/post"}],"author":[{"embeddable":true,"href":"https:\/\/plazajuarez.mx\/historico\/wp-json\/wp\/v2\/users\/93"}],"replies":[{"embeddable":true,"href":"https:\/\/plazajuarez.mx\/historico\/wp-json\/wp\/v2\/comments?post=16593"}],"version-history":[{"count":0,"href":"https:\/\/plazajuarez.mx\/historico\/wp-json\/wp\/v2\/posts\/16593\/revisions"}],"wp:attachment":[{"href":"https:\/\/plazajuarez.mx\/historico\/wp-json\/wp\/v2\/media?parent=16593"}],"wp:term":[{"taxonomy":"category","embeddable":true,"href":"https:\/\/plazajuarez.mx\/historico\/wp-json\/wp\/v2\/categories?post=16593"},{"taxonomy":"post_tag","embeddable":true,"href":"https:\/\/plazajuarez.mx\/historico\/wp-json\/wp\/v2\/tags?post=16593"}],"curies":[{"name":"wp","href":"https:\/\/api.w.org\/{rel}","templated":true}]}}