{"id":16590,"date":"2016-02-01T12:31:59","date_gmt":"2016-02-01T12:31:59","guid":{"rendered":"http:\/\/plazajuarez.mx\/index\/index.php\/2016\/02\/01\/kate-y-amaya-coinciden-en-restaurante\/"},"modified":"2016-02-01T12:31:59","modified_gmt":"2016-02-01T12:31:59","slug":"kate-y-amaya-coinciden-en-restaurante","status":"publish","type":"post","link":"https:\/\/plazajuarez.mx\/historico\/kate-y-amaya-coinciden-en-restaurante\/","title":{"rendered":"Kate y Amaya coinciden en restaurante"},"content":{"rendered":"<p>El s\u00e1bado por la noche Kate del Castillo y Rafael Amaya coincidieron en un restaurante de Beverly Hills, California.<\/p>\n<p>  <!--more-->  <\/p>\n<p>\u00a0<\/p>\n<p>As\u00ed lo indic\u00f3 un portal web del programa \u201cLas Ma\u00f1anitas Show\u201d, que capt\u00f3 en exclusiva a ambos actores, quienes en los \u00faltimos meses han enfrentado pol\u00e9micas: Kate por su encuentro con el narcotraficante Joaqu\u00edn \u201cEl Chapo\u201d Guzm\u00e1n y Amaya por su estancia en un hospital, supuestamente por una sobredosis.<\/p>\n<p>Se trata de la segunda ocasi\u00f3n que Kate es captada en p\u00fablico tras la pol\u00e9mica, pues hace una semana se le vio en otro restaurante.<\/p>\n<p>Mientras que Kate sali\u00f3 apresurada del lugar, Amaya ofreci\u00f3 algunas declaraciones.<\/p>\n<p>\u201cNos saludamos cordialmente\u201d, dijo Amaya, quien antes hab\u00eda re\u00eddo con las preguntas de los reporteros sobre un programa con \u201cLa Reina del Sur\u201d y \u201cEl Se\u00f1or de los Cielos\u201d. Al preguntarle si ella est\u00e1 asustada, el actor coment\u00f3: \u201cno, yo la vi tranquila, muy guapa, muy bien, a todo dar\u201d.<\/p>\n<p>\u00a0<\/p>\n","protected":false},"excerpt":{"rendered":"<p>El s\u00e1bado por la noche Kate del Castillo y Rafael Amaya coincidieron en un restaurante de Beverly Hills, California.<\/p>\n","protected":false},"author":93,"featured_media":0,"comment_status":"open","ping_status":"open","sticky":false,"template":"","format":"standard","meta":{"footnotes":""},"categories":[38],"tags":[],"class_list":["post-16590","post","type-post","status-publish","format-standard","hentry","category-show"],"_links":{"self":[{"href":"https:\/\/plazajuarez.mx\/historico\/wp-json\/wp\/v2\/posts\/16590","targetHints":{"allow":["GET"]}}],"collection":[{"href":"https:\/\/plazajuarez.mx\/historico\/wp-json\/wp\/v2\/posts"}],"about":[{"href":"https:\/\/plazajuarez.mx\/historico\/wp-json\/wp\/v2\/types\/post"}],"author":[{"embeddable":true,"href":"https:\/\/plazajuarez.mx\/historico\/wp-json\/wp\/v2\/users\/93"}],"replies":[{"embeddable":true,"href":"https:\/\/plazajuarez.mx\/historico\/wp-json\/wp\/v2\/comments?post=16590"}],"version-history":[{"count":0,"href":"https:\/\/plazajuarez.mx\/historico\/wp-json\/wp\/v2\/posts\/16590\/revisions"}],"wp:attachment":[{"href":"https:\/\/plazajuarez.mx\/historico\/wp-json\/wp\/v2\/media?parent=16590"}],"wp:term":[{"taxonomy":"category","embeddable":true,"href":"https:\/\/plazajuarez.mx\/historico\/wp-json\/wp\/v2\/categories?post=16590"},{"taxonomy":"post_tag","embeddable":true,"href":"https:\/\/plazajuarez.mx\/historico\/wp-json\/wp\/v2\/tags?post=16590"}],"curies":[{"name":"wp","href":"https:\/\/api.w.org\/{rel}","templated":true}]}}