{"id":16589,"date":"2016-02-01T12:30:19","date_gmt":"2016-02-01T12:30:19","guid":{"rendered":"http:\/\/plazajuarez.mx\/index\/index.php\/2016\/02\/01\/zambrano-pide-al-gobierno-explicar-medidas-ante-emergencia-economica\/"},"modified":"2016-02-01T12:30:19","modified_gmt":"2016-02-01T12:30:19","slug":"zambrano-pide-al-gobierno-explicar-medidas-ante-emergencia-economica","status":"publish","type":"post","link":"https:\/\/plazajuarez.mx\/historico\/zambrano-pide-al-gobierno-explicar-medidas-ante-emergencia-economica\/","title":{"rendered":"ZAMBRANO PIDE AL GOBIERNO EXPLICAR MEDIDAS ANTE EMERGENCIA ECON\u00d3MICA"},"content":{"rendered":"<p>CIUDAD DE M\u00c9XICO.- El presidente de la C\u00e1mara de Diputados, Jes\u00fas Zambrano (PRD), demand\u00f3 al gobierno federal explicar p\u00fablicamente los mecanismos que utilizar\u00e1 para hacer frente a la situaci\u00f3n de emergencia econ\u00f3mica del pa\u00eds. <br \/>Indic\u00f3 que la ciudadan\u00eda no puede conformarse con el argumento del secretario de Hacienda, Luis Videgaray, en el sentido de que la crisis econ\u00f3mica del pa\u00eds \u201ces resultado del contexto internacional\u201d, ya que eso es resignarse s\u00f3lo a padecer las consecuencias.<\/p>\n<p>  <!--more-->  <\/p>\n<p>\u201cHa quedado en evidencia m\u00e1s de una vez que lo que ocurre con nuestro pa\u00eds es consecuencia no s\u00f3lo de las circunstancias internacionales, sino del modelo de crecimiento al que se le apost\u00f3 y que ha mostrado recurrentemente sus debilidades, una de ellas, la fuerte dependencia del sector externo\u201d, extern\u00f3 en un comunicado. <br \/>Zambrano Grijalva dijo que Ejecutivo no pude resignarse a ver lo que ocurra en otros pa\u00edses como si fuera un destino inevitable, cuando tienen la obligaci\u00f3n de trabajar en propuestas que permitan una reorientaci\u00f3n econ\u00f3mica. <br \/>\u201cEstamos obligados a conocer, por lo menos escudri\u00f1ar, el escenario sobre el cual caminar y qu\u00e9 hacer, porque viendo hacia el 2017, el ajuste tendr\u00eda que venir por el lado de los egresos, y pareciera que fatalmente estamos condenados a aceptar que el gobierno federal nos diga: ni modo, no hay otra, a apretarse m\u00e1s el cintur\u00f3n\u201d, sostuvo. <br \/>El perredista pidi\u00f3 al gobierno de Enrique Pe\u00f1a Nieto, ejecutar medidas de austeridad en todas sus dependencias, como disminuci\u00f3n en gastos de publicidad, renta de oficinas, telefon\u00eda celular y compra de autos, a fin de destinar los recursos obtenidos a la inversi\u00f3n p\u00fablica, \u201cy no despedir empleados, como se har\u00eda con 10 mil de Pemex y 15 mil de otras \u00e1reas del sector p\u00fablico\u201d. <\/p>\n","protected":false},"excerpt":{"rendered":"<p>CIUDAD DE M\u00c9XICO.- El presidente de la C\u00e1mara de Diputados, Jes\u00fas Zambrano (PRD), demand\u00f3 al gobierno federal explicar p\u00fablicamente los mecanismos que utilizar\u00e1 para hacer frente a la situaci\u00f3n de emergencia econ\u00f3mica del pa\u00eds. Indic\u00f3 que la ciudadan\u00eda no puede conformarse con el argumento del secretario de Hacienda, Luis Videgaray, en el sentido de que [&hellip;]<\/p>\n","protected":false},"author":93,"featured_media":0,"comment_status":"open","ping_status":"open","sticky":false,"template":"","format":"standard","meta":{"footnotes":""},"categories":[36],"tags":[],"class_list":["post-16589","post","type-post","status-publish","format-standard","hentry","category-nacion"],"_links":{"self":[{"href":"https:\/\/plazajuarez.mx\/historico\/wp-json\/wp\/v2\/posts\/16589","targetHints":{"allow":["GET"]}}],"collection":[{"href":"https:\/\/plazajuarez.mx\/historico\/wp-json\/wp\/v2\/posts"}],"about":[{"href":"https:\/\/plazajuarez.mx\/historico\/wp-json\/wp\/v2\/types\/post"}],"author":[{"embeddable":true,"href":"https:\/\/plazajuarez.mx\/historico\/wp-json\/wp\/v2\/users\/93"}],"replies":[{"embeddable":true,"href":"https:\/\/plazajuarez.mx\/historico\/wp-json\/wp\/v2\/comments?post=16589"}],"version-history":[{"count":0,"href":"https:\/\/plazajuarez.mx\/historico\/wp-json\/wp\/v2\/posts\/16589\/revisions"}],"wp:attachment":[{"href":"https:\/\/plazajuarez.mx\/historico\/wp-json\/wp\/v2\/media?parent=16589"}],"wp:term":[{"taxonomy":"category","embeddable":true,"href":"https:\/\/plazajuarez.mx\/historico\/wp-json\/wp\/v2\/categories?post=16589"},{"taxonomy":"post_tag","embeddable":true,"href":"https:\/\/plazajuarez.mx\/historico\/wp-json\/wp\/v2\/tags?post=16589"}],"curies":[{"name":"wp","href":"https:\/\/api.w.org\/{rel}","templated":true}]}}