{"id":16587,"date":"2016-02-01T12:29:40","date_gmt":"2016-02-01T12:29:40","guid":{"rendered":"http:\/\/plazajuarez.mx\/index\/index.php\/2016\/02\/01\/pan-no-solapara-a-blanquiazules-corruptos\/"},"modified":"2016-02-01T12:29:40","modified_gmt":"2016-02-01T12:29:40","slug":"pan-no-solapara-a-blanquiazules-corruptos","status":"publish","type":"post","link":"https:\/\/plazajuarez.mx\/historico\/pan-no-solapara-a-blanquiazules-corruptos\/","title":{"rendered":"PAN no solapar\u00e1 a blanquiazules corruptos"},"content":{"rendered":"<p>ANAYA\u00a0\u00a0\u00a0<\/p>\n<p>  <!--more-->  <\/p>\n<p>XALAPA, Ver.- El presidente del Comit\u00e9 Ejecutivo Nacional del PAN, Ricardo Anaya Cort\u00e9s, advirti\u00f3 que no defender\u00e1n a funcionarios blanquiazules que sean acusados de actos de corrupci\u00f3n o ligados al narcotr\u00e1fico, como la Chapodiputada, Lucero Guadalupe S\u00e1nchez, vinculada con Joaqu\u00edn &#8220;El Chapo&#8221; Guzm\u00e1n. <br \/>Entrevistado momentos antes del registro de la alianza electoral PAN-PRD en Veracruz, dej\u00f3 en claro que el PAN no abogar\u00e1 por ninguno de sus militantes que viole ley. <br \/>Incluso, se\u00f1al\u00f3 que en el caso de la diputada local han solicitado a la Procuradur\u00eda General de la Rep\u00fablica (PGR) que inicie un juicio de procedencia en su contra y el PAN garantiza el voto de sus diputados a favor. <br \/>&#8220;No vamos a defender a nadie que haya cometido un delito. Nos sumamos a que se castigue&#8221;, manifest\u00f3. <br \/>Cuestionado sobre las acusaciones de corrupci\u00f3n al interior del PAN y la falta de acciones para castigarlas, Anaya Cort\u00e9s asegur\u00f3 que es responsabilidad del Instituto Nacional Electoral (INE) aprobar las reformas a los lineamientos del PAN en los que se estipula la creaci\u00f3n de una nueva Comisi\u00f3n Anticorrupci\u00f3n que investigue estos casos.<\/p>\n","protected":false},"excerpt":{"rendered":"<p>ANAYA\u00a0\u00a0\u00a0<\/p>\n","protected":false},"author":93,"featured_media":0,"comment_status":"open","ping_status":"open","sticky":false,"template":"","format":"standard","meta":{"footnotes":""},"categories":[36],"tags":[],"class_list":["post-16587","post","type-post","status-publish","format-standard","hentry","category-nacion"],"_links":{"self":[{"href":"https:\/\/plazajuarez.mx\/historico\/wp-json\/wp\/v2\/posts\/16587","targetHints":{"allow":["GET"]}}],"collection":[{"href":"https:\/\/plazajuarez.mx\/historico\/wp-json\/wp\/v2\/posts"}],"about":[{"href":"https:\/\/plazajuarez.mx\/historico\/wp-json\/wp\/v2\/types\/post"}],"author":[{"embeddable":true,"href":"https:\/\/plazajuarez.mx\/historico\/wp-json\/wp\/v2\/users\/93"}],"replies":[{"embeddable":true,"href":"https:\/\/plazajuarez.mx\/historico\/wp-json\/wp\/v2\/comments?post=16587"}],"version-history":[{"count":0,"href":"https:\/\/plazajuarez.mx\/historico\/wp-json\/wp\/v2\/posts\/16587\/revisions"}],"wp:attachment":[{"href":"https:\/\/plazajuarez.mx\/historico\/wp-json\/wp\/v2\/media?parent=16587"}],"wp:term":[{"taxonomy":"category","embeddable":true,"href":"https:\/\/plazajuarez.mx\/historico\/wp-json\/wp\/v2\/categories?post=16587"},{"taxonomy":"post_tag","embeddable":true,"href":"https:\/\/plazajuarez.mx\/historico\/wp-json\/wp\/v2\/tags?post=16587"}],"curies":[{"name":"wp","href":"https:\/\/api.w.org\/{rel}","templated":true}]}}