{"id":16586,"date":"2016-02-01T12:29:23","date_gmt":"2016-02-01T12:29:23","guid":{"rendered":"http:\/\/plazajuarez.mx\/index\/index.php\/2016\/02\/01\/inai-pide-a-sedena-informar-sobre-levantamiento-zapatista\/"},"modified":"2016-02-01T12:29:23","modified_gmt":"2016-02-01T12:29:23","slug":"inai-pide-a-sedena-informar-sobre-levantamiento-zapatista","status":"publish","type":"post","link":"https:\/\/plazajuarez.mx\/historico\/inai-pide-a-sedena-informar-sobre-levantamiento-zapatista\/","title":{"rendered":"Inai pide a Sedena informar sobre levantamiento zapatista"},"content":{"rendered":"<p>OCURRI\u00d3 EN CHIAPAS, EN 1994\u00a0<\/p>\n<p>  <!--more-->  <\/p>\n<p>A solicitud de un particular, el Inai solicit\u00f3 a la Sedena informar de manera detallada la presencia del Ej\u00e9rcito mexicano en el estado de Chiapas, de enero de 1994 a diciembre de 1998<\/p>\n<p>CIUDAD DE M\u00c9XICO.- El Instituto Nacional de Transparencia, Acceso a la Informaci\u00f3n y Protecci\u00f3n de Datos Personales (Inai) solicit\u00f3 a la Secretar\u00eda de la Defensa Nacional (Sedena) entregar una nueva versi\u00f3n p\u00fablica sobre el levantamiento armado de Chiapas, en 1994. <br \/>Tras la aprobaci\u00f3n del pleno, el comisionado ponente Oscar Guerra Ford afirm\u00f3 que la Sedena debe difundir las circunstancias en que se dio la contenci\u00f3n del Ej\u00e9rcito Zapatista de Liberaci\u00f3n Nacional (EZLN), para poder \u201cverificar la actuaci\u00f3n de nuestras fuerzas armadas\u201d en situaciones como estas, en las que se vio dividida la opini\u00f3n p\u00fablica entre el movimiento armado y el actuar de las fuerzas armadas. <br \/>Anot\u00f3 que la actuaci\u00f3n de las fuerzas armadas se ha convertido en un tema muy recurrente en las solicitudes de informaci\u00f3n, por ello, la necesidad gubernamental de transparentar su proceder, dado que es un elemento importante vigilar el funcionamiento correcto de estos cuerpos de seguridad. <br \/>\u201cAh\u00ed donde est\u00e1 puesto el ojo del ciudadano, la posibilidad de una actuaci\u00f3n fuera del marco de la ley se reduce al m\u00ednimo\u201d, sostuvo el comisionado. <\/p>\n<p>INCONFORME CON LA CLASIFICACI\u00d3N, EL PARTICULAR PRESENT\u00d3 UN RECURSO DE REVISI\u00d3N ANTE EL INAI Y PIDI\u00d3 A LA DEPENDENCIA QUE LE ENTREGARA UNA NUEVA VERSI\u00d3N P\u00daBLICA DEL EXPEDIENTE, EN COPIAS LEGIBLES Y GRATUITAS.<\/p>\n","protected":false},"excerpt":{"rendered":"<p>OCURRI\u00d3 EN CHIAPAS, EN 1994\u00a0<\/p>\n","protected":false},"author":93,"featured_media":0,"comment_status":"open","ping_status":"open","sticky":false,"template":"","format":"standard","meta":{"footnotes":""},"categories":[36],"tags":[],"class_list":["post-16586","post","type-post","status-publish","format-standard","hentry","category-nacion"],"_links":{"self":[{"href":"https:\/\/plazajuarez.mx\/historico\/wp-json\/wp\/v2\/posts\/16586","targetHints":{"allow":["GET"]}}],"collection":[{"href":"https:\/\/plazajuarez.mx\/historico\/wp-json\/wp\/v2\/posts"}],"about":[{"href":"https:\/\/plazajuarez.mx\/historico\/wp-json\/wp\/v2\/types\/post"}],"author":[{"embeddable":true,"href":"https:\/\/plazajuarez.mx\/historico\/wp-json\/wp\/v2\/users\/93"}],"replies":[{"embeddable":true,"href":"https:\/\/plazajuarez.mx\/historico\/wp-json\/wp\/v2\/comments?post=16586"}],"version-history":[{"count":0,"href":"https:\/\/plazajuarez.mx\/historico\/wp-json\/wp\/v2\/posts\/16586\/revisions"}],"wp:attachment":[{"href":"https:\/\/plazajuarez.mx\/historico\/wp-json\/wp\/v2\/media?parent=16586"}],"wp:term":[{"taxonomy":"category","embeddable":true,"href":"https:\/\/plazajuarez.mx\/historico\/wp-json\/wp\/v2\/categories?post=16586"},{"taxonomy":"post_tag","embeddable":true,"href":"https:\/\/plazajuarez.mx\/historico\/wp-json\/wp\/v2\/tags?post=16586"}],"curies":[{"name":"wp","href":"https:\/\/api.w.org\/{rel}","templated":true}]}}