{"id":16582,"date":"2016-02-01T12:27:09","date_gmt":"2016-02-01T12:27:09","guid":{"rendered":"http:\/\/plazajuarez.mx\/index\/index.php\/2016\/02\/01\/futbol-internacional-189\/"},"modified":"2016-02-01T12:27:09","modified_gmt":"2016-02-01T12:27:09","slug":"futbol-internacional-189","status":"publish","type":"post","link":"https:\/\/plazajuarez.mx\/historico\/futbol-internacional-189\/","title":{"rendered":"Futbol Internacional"},"content":{"rendered":"<p>#LIGA ESPA\u00d1OLA<\/p>\n<p><strong>\u201cMerengues\u201d aplastantes en su casa <\/strong><\/p>\n<ul>\n<li>El representativo del Espanyol, que en la primera vuelta en Cornell\u00e1 cay\u00f3 0-6 ante el equipo que entonces dirig\u00eda Rafa Ben\u00edtez, se present\u00f3 con muchas novedades <!--more--> <\/li>\n<\/ul>\n<p>\u201cEl portugu\u00e9s Cristiano Ronaldo hab\u00eda ampliado la cuenta a los 12 minutos al transformar un penalti cometido sobre \u00e9l mismo\u201d.<\/p>\n<p>El conjunto del Real Madrid regres\u00f3 al Estadio Santiago Bernab\u00e9u y volvi\u00f3 a golear, en este caso 6-0 al Espanyol y el Sevilla irrumpi\u00f3 en la zona europea tras ganar al colista Levante 3-1 y perder el Celta en Las Palmas 2-1, en la jornada 22 de la Liga de Espa\u00f1a.<\/p>\n<p>\u00a0<\/p>\n<p>Asimismo, el representativo del Espanyol, que en la primera vuelta en Cornell\u00e1 cay\u00f3 0-6 ante el equipo que entonces dirig\u00eda Rafa Ben\u00edtez, se present\u00f3 con muchas novedades y fue otra vez v\u00edctima de la pegada de un cuadro madridista que vivi\u00f3 un partido pl\u00e1cido.<\/p>\n<p>\u00a0<\/p>\n<p>\u00a0<\/p>\n<p>Del mismo modo, el colombiano James Rodr\u00edguez, titular de nuevo ante la baja de Garet Bale, sirvi\u00f3 el primer tanto al franc\u00e9s Karim Benzema al minuto 7, que mantuvo su idilio ante las porter\u00edas rivales, y firm\u00f3 el 3-0 tras rozar su disparo en el franco senegal\u00e9s Pape Diop, en el 16.<\/p>\n<p>\u00a0<\/p>\n<p>Por otro lado, el portugu\u00e9s Cristiano Ronaldo hab\u00eda ampliado la cuenta a los 12 minutos al transformar un penalti cometido sobre \u00e9l mismo y cerr\u00f3 el primer periodo con el cuarto tanto, este de bella factura tras una acci\u00f3n individual.<\/p>\n<p>\u00a0<\/p>\n<p>Poco pudo hacer el conjunto del rumano Constantin Galca atr\u00e1s y apenas se aproxim\u00f3 al costarricense Keylor Navas, quien, por otro lado, estuvo firme para mantener su puerta a cero cuando la ocasi\u00f3n lo requiri\u00f3.<\/p>\n<p>\u00a0<\/p>\n<p>En tanto, el marcador de 4-0 al intermedio acab\u00f3 con el partido, al menos para el Real Madrid, que se relaj\u00f3 de forma absoluta en el segundo tiempo. Al menos le sirvi\u00f3 para dar minutos a Casemiro, Jes\u00e9 Rodr\u00edguez y Lucas V\u00e1zquez, y a Cristiano Ronaldo para firmar un nuevo triplete en la recta final, en la que el costarricense \u00d3scar Duarte tuvo un debut complicado y cerr\u00f3 la cuenta en propia porter\u00eda al minuto 86.<\/p>\n<p>** <\/p>\n<p>#LIGA DE PORTUGAL<\/p>\n<p><strong>Benfica gana, y Ra\u00fal Jim\u00e9nez juega muy poco tiempo <\/strong><\/p>\n<p>\u00a0<\/p>\n<p>Con buen futbol, el Benfica, donde milita el delantero mexicano Ra\u00fal Jim\u00e9nez, gole\u00f3 por un marcador de 4-0 al representativo del Moreirense en la cancha del Joaquim de Almeida Freitas, donde los de casa no pudieron hacer mucho ante las &#8220;\u00c1guilas&#8221;, quienes siguen buscando estar en lo m\u00e1s alto de la liga lusa.<\/p>\n<p>EN EL TERRENO DE JUEGO<\/p>\n<p>Desde el inicio, el equipo del jugador azteca, quien s\u00f3lo tuvo 18 minutos de acci\u00f3n al entrar de cambio, se fue al ataque en busca de un gol, mismo que lleg\u00f3 al 22&#8242; a manos de Jonas, quien remat\u00f3 de cabeza frente al arco rival tras un pase de Pizzi.<\/p>\n<p>En la recta final del primer tiempo, Mitroglou marc\u00f3 el 2-0 a favor tras un remate de pierna izquierda en el \u00e1rea chica a pase de Eliseu. Mientras en la parte complementaria, Jonas anot\u00f3 el tercero para los visitantes al minuto 67.<\/p>\n<p>El timonel del Benfica decidi\u00f3 hacer un cambio en su delantera, y dio juego al mexicano Ra\u00fal Jim\u00e9nez, quien ingres\u00f3 al 72&#8242; en lugar de Mitroglou.<\/p>\n<p>Parec\u00eda que el duelo terminar\u00eda as\u00ed, cuando al 75&#8242; Nico Gait\u00e1n se encarg\u00f3 de sentenciar el duelo con el 4-0 a favor; con el resultado, el Benfica se llev\u00f3 los tres puntos y sigue escalando en la tabla de la Liga de Portugal.<\/p>\n<p>Con este resultado, el cuadro del mexicano sigue en buenos pasos y se mantiene en los primeros lugares de la competencia. Por el lado de Jim\u00e9nez, el delantero ha tenido mayor actividad, sin embargo su adaptaci\u00f3n no ha sido nada sencilla.<\/p>\n","protected":false},"excerpt":{"rendered":"<p>#LIGA ESPA\u00d1OLA \u201cMerengues\u201d aplastantes en su casa El representativo del Espanyol, que en la primera vuelta en Cornell\u00e1 cay\u00f3 0-6 ante el equipo que entonces dirig\u00eda Rafa Ben\u00edtez, se present\u00f3 con muchas novedades<\/p>\n","protected":false},"author":93,"featured_media":0,"comment_status":"open","ping_status":"open","sticky":false,"template":"","format":"standard","meta":{"footnotes":""},"categories":[39],"tags":[],"class_list":["post-16582","post","type-post","status-publish","format-standard","hentry","category-deportiva"],"_links":{"self":[{"href":"https:\/\/plazajuarez.mx\/historico\/wp-json\/wp\/v2\/posts\/16582","targetHints":{"allow":["GET"]}}],"collection":[{"href":"https:\/\/plazajuarez.mx\/historico\/wp-json\/wp\/v2\/posts"}],"about":[{"href":"https:\/\/plazajuarez.mx\/historico\/wp-json\/wp\/v2\/types\/post"}],"author":[{"embeddable":true,"href":"https:\/\/plazajuarez.mx\/historico\/wp-json\/wp\/v2\/users\/93"}],"replies":[{"embeddable":true,"href":"https:\/\/plazajuarez.mx\/historico\/wp-json\/wp\/v2\/comments?post=16582"}],"version-history":[{"count":0,"href":"https:\/\/plazajuarez.mx\/historico\/wp-json\/wp\/v2\/posts\/16582\/revisions"}],"wp:attachment":[{"href":"https:\/\/plazajuarez.mx\/historico\/wp-json\/wp\/v2\/media?parent=16582"}],"wp:term":[{"taxonomy":"category","embeddable":true,"href":"https:\/\/plazajuarez.mx\/historico\/wp-json\/wp\/v2\/categories?post=16582"},{"taxonomy":"post_tag","embeddable":true,"href":"https:\/\/plazajuarez.mx\/historico\/wp-json\/wp\/v2\/tags?post=16582"}],"curies":[{"name":"wp","href":"https:\/\/api.w.org\/{rel}","templated":true}]}}